{"id":61751,"date":"2025-10-13T11:09:05","date_gmt":"2025-10-13T14:09:05","guid":{"rendered":"https:\/\/www.sincomam.org.br\/?p=61751"},"modified":"2025-10-13T11:09:05","modified_gmt":"2025-10-13T14:09:05","slug":"malha-hidroviaria-economicamente-navegavel-cresce-nos-ultimos-dois-anos","status":"publish","type":"post","link":"https:\/\/www.sincomam.org.br\/index.php\/malha-hidroviaria-economicamente-navegavel-cresce-nos-ultimos-dois-anos\/","title":{"rendered":"Malha hidrovi\u00e1ria economicamente naveg\u00e1vel cresce nos \u00faltimos dois anos"},"content":{"rendered":"<p dir=\"ltr\">Em dois anos, a extens\u00e3o total das vias hidrovi\u00e1rias economicamente naveg\u00e1veis cresceu 279 km. O n\u00famero saltou de 20,1 mil km em 2022 para 20,4 mil km em 2024, isso representa um acr\u00e9scimo de 1,39%.<\/p>\n<p dir=\"ltr\">Os dados s\u00e3o do Estudo de Vias Aquavi\u00e1rias Interiores Economicamente Naveg\u00e1veis (VEN), realizado a cada dois anos pela Ag\u00eancia Nacional de Transportes Aquavi\u00e1rios (ANTAQ). Os novos valores foram aprovados, nesta quinta-feira (09), em Reuni\u00e3o Ordin\u00e1ria de Diretoria (ROD) da Ag\u00eancia.<\/p>\n<p dir=\"ltr\">O levantamento atualiza os dados da matriz de transporte hidrovi\u00e1rio de origem\/destino das cargas e passageiros na malha hidrovi\u00e1ria, com base nas informa\u00e7\u00f5es obtidas pelo Departamento Nacional de Infraestrutura de Transportes (DNIT).<\/p>\n<p dir=\"ltr\">O diretor Caio Farias, que relatou o processo, destacou que esse levantamento \u201cevidencia o potencial de articula\u00e7\u00e3o com pa\u00edses vizinhos da Am\u00e9rica do Sul, por meio de corredores hidrovi\u00e1rios transfronteiri\u00e7os, contribuindo para o fortalecimento da log\u00edstica regional e internacional\u201d.<\/p>\n<p dir=\"ltr\">O estudo tamb\u00e9m detalha os resultados por Regi\u00e3o Hidrogr\u00e1fica. Novamente, a regi\u00e3o Norte apresentou o maior acr\u00e9scimo para a malha hidrovi\u00e1ria, com um ganho de 3,56%. Isso refor\u00e7a a import\u00e2ncia estrat\u00e9gica do transporte aquavi\u00e1rio interior para a integra\u00e7\u00e3o territorial, especialmente para essa regi\u00e3o.<\/p>\n<p dir=\"ltr\">Com a atualiza\u00e7\u00e3o, a rela\u00e7\u00e3o entre a malha hidrovi\u00e1ria economicamente naveg\u00e1vel atualmente, de 20,4 km, e aquela prevista no Plano Nacional de Via\u00e7\u00e3o (PNV), de 41,7 km, passou para quase 49%.<\/p>\n<p dir=\"ltr\">Por explorar metade das vias naveg\u00e1veis brasileiras e representar um dos modais mais sustent\u00e1veis, a ANTAQ trabalha em pol\u00edticas p\u00fablicas que estimulam o uso das hidrovias, como as concess\u00f5es hidrovi\u00e1rias.<\/p>\n<p dir=\"ltr\">Hidrovias s\u00e3o de quatro a cinco vezes menos poluentes que o transporte rodovi\u00e1rio e emitem 1,5 vez menos carbono que uma ferrovia. Al\u00e9m disso, t\u00eam menor custo de implementa\u00e7\u00e3o e de opera\u00e7\u00e3o entre os modais de transportes rodovi\u00e1rio e ferrovi\u00e1rio, reduzem o percentual de acidentes fatais e diminuem o n\u00famero de roubo e extravio de carga.<\/p>\n<p dir=\"ltr\">Fonte: Informativos dos Portos<\/p>\n","protected":false},"excerpt":{"rendered":"<p>Em dois anos, a extens\u00e3o total das vias hidrovi\u00e1rias economicamente naveg\u00e1veis cresceu 279 km. O n\u00famero saltou de 20,1 mil km em 2022 para 20,4&#8230;<\/p>\n","protected":false},"author":1527,"featured_media":61752,"comment_status":"closed","ping_status":"closed","sticky":false,"template":"","format":"standard","meta":{"footnotes":""},"categories":[6],"tags":[],"class_list":["post-61751","post","type-post","status-publish","format-standard","has-post-thumbnail","hentry","category-noticias"],"_links":{"self":[{"href":"https:\/\/www.sincomam.org.br\/index.php\/wp-json\/wp\/v2\/posts\/61751","targetHints":{"allow":["GET"]}}],"collection":[{"href":"https:\/\/www.sincomam.org.br\/index.php\/wp-json\/wp\/v2\/posts"}],"about":[{"href":"https:\/\/www.sincomam.org.br\/index.php\/wp-json\/wp\/v2\/types\/post"}],"author":[{"embeddable":true,"href":"https:\/\/www.sincomam.org.br\/index.php\/wp-json\/wp\/v2\/users\/1527"}],"replies":[{"embeddable":true,"href":"https:\/\/www.sincomam.org.br\/index.php\/wp-json\/wp\/v2\/comments?post=61751"}],"version-history":[{"count":1,"href":"https:\/\/www.sincomam.org.br\/index.php\/wp-json\/wp\/v2\/posts\/61751\/revisions"}],"predecessor-version":[{"id":61753,"href":"https:\/\/www.sincomam.org.br\/index.php\/wp-json\/wp\/v2\/posts\/61751\/revisions\/61753"}],"wp:featuredmedia":[{"embeddable":true,"href":"https:\/\/www.sincomam.org.br\/index.php\/wp-json\/wp\/v2\/media\/61752"}],"wp:attachment":[{"href":"https:\/\/www.sincomam.org.br\/index.php\/wp-json\/wp\/v2\/media?parent=61751"}],"wp:term":[{"taxonomy":"category","embeddable":true,"href":"https:\/\/www.sincomam.org.br\/index.php\/wp-json\/wp\/v2\/categories?post=61751"},{"taxonomy":"post_tag","embeddable":true,"href":"https:\/\/www.sincomam.org.br\/index.php\/wp-json\/wp\/v2\/tags?post=61751"}],"curies":[{"name":"wp","href":"https:\/\/api.w.org\/{rel}","templated":true}]}}