{"id":61716,"date":"2025-10-10T12:37:03","date_gmt":"2025-10-10T15:37:03","guid":{"rendered":"https:\/\/www.sincomam.org.br\/?p=61716"},"modified":"2025-12-01T14:25:15","modified_gmt":"2025-12-01T17:25:15","slug":"visita-na-empresa-wilson-sons","status":"publish","type":"post","link":"https:\/\/www.sincomam.org.br\/index.php\/visita-na-empresa-wilson-sons\/","title":{"rendered":"Visita na empresa Wilson Sons"},"content":{"rendered":"<p><a href=\"https:\/\/www.sincomam.org.br\/wp-content\/uploads\/2025\/10\/Visitacao-Wilson-Sons-Porto-do-Acu-26-02-2025.jpg\"><img fetchpriority=\"high\" decoding=\"async\" class=\"size-medium wp-image-61717 aligncenter\" src=\"https:\/\/www.sincomam.org.br\/wp-content\/uploads\/2025\/10\/Visitacao-Wilson-Sons-Porto-do-Acu-26-02-2025-225x300.jpg\" alt=\"\" width=\"225\" height=\"300\" srcset=\"https:\/\/www.sincomam.org.br\/wp-content\/uploads\/2025\/10\/Visitacao-Wilson-Sons-Porto-do-Acu-26-02-2025-225x300.jpg 225w, https:\/\/www.sincomam.org.br\/wp-content\/uploads\/2025\/10\/Visitacao-Wilson-Sons-Porto-do-Acu-26-02-2025-768x1024.jpg 768w, https:\/\/www.sincomam.org.br\/wp-content\/uploads\/2025\/10\/Visitacao-Wilson-Sons-Porto-do-Acu-26-02-2025.jpg 960w\" sizes=\"(max-width: 225px) 100vw, 225px\" \/><\/a>No dia 26\/02\/2025 os diretores do SINCOMAM, Mascarenhas, Sergio e Paulo visitaram os CDMs da empresa Wilson Sons que laboram na base do Porto do A\u00e7u &#8211; RJ. Na ocasi\u00e3o foi discutido com os trabalhadores o processo de negocia\u00e7\u00e3o do Acordo Coletivo de Trabalho.<\/p>\n","protected":false},"excerpt":{"rendered":"<p>No dia 26\/02\/2025 os diretores do SINCOMAM, Mascarenhas, Sergio e Paulo visitaram os CDMs da empresa Wilson Sons que laboram na base do Porto do&#8230;<\/p>\n","protected":false},"author":1527,"featured_media":0,"comment_status":"closed","ping_status":"closed","sticky":false,"template":"","format":"standard","meta":{"footnotes":""},"categories":[33],"tags":[],"class_list":["post-61716","post","type-post","status-publish","format-standard","hentry","category-fotos-galeria"],"_links":{"self":[{"href":"https:\/\/www.sincomam.org.br\/index.php\/wp-json\/wp\/v2\/posts\/61716","targetHints":{"allow":["GET"]}}],"collection":[{"href":"https:\/\/www.sincomam.org.br\/index.php\/wp-json\/wp\/v2\/posts"}],"about":[{"href":"https:\/\/www.sincomam.org.br\/index.php\/wp-json\/wp\/v2\/types\/post"}],"author":[{"embeddable":true,"href":"https:\/\/www.sincomam.org.br\/index.php\/wp-json\/wp\/v2\/users\/1527"}],"replies":[{"embeddable":true,"href":"https:\/\/www.sincomam.org.br\/index.php\/wp-json\/wp\/v2\/comments?post=61716"}],"version-history":[{"count":2,"href":"https:\/\/www.sincomam.org.br\/index.php\/wp-json\/wp\/v2\/posts\/61716\/revisions"}],"predecessor-version":[{"id":62605,"href":"https:\/\/www.sincomam.org.br\/index.php\/wp-json\/wp\/v2\/posts\/61716\/revisions\/62605"}],"wp:attachment":[{"href":"https:\/\/www.sincomam.org.br\/index.php\/wp-json\/wp\/v2\/media?parent=61716"}],"wp:term":[{"taxonomy":"category","embeddable":true,"href":"https:\/\/www.sincomam.org.br\/index.php\/wp-json\/wp\/v2\/categories?post=61716"},{"taxonomy":"post_tag","embeddable":true,"href":"https:\/\/www.sincomam.org.br\/index.php\/wp-json\/wp\/v2\/tags?post=61716"}],"curies":[{"name":"wp","href":"https:\/\/api.w.org\/{rel}","templated":true}]}}