{"id":61656,"date":"2025-10-09T09:28:19","date_gmt":"2025-10-09T12:28:19","guid":{"rendered":"https:\/\/www.sincomam.org.br\/?p=61656"},"modified":"2025-10-09T09:28:19","modified_gmt":"2025-10-09T12:28:19","slug":"governo-avalia-repasse-do-fust-a-marinha-em-plano-de-defesa-de-cabos-submarinos","status":"publish","type":"post","link":"https:\/\/www.sincomam.org.br\/index.php\/governo-avalia-repasse-do-fust-a-marinha-em-plano-de-defesa-de-cabos-submarinos\/","title":{"rendered":"Governo avalia repasse do Fust \u00e0 Marinha em plano de defesa de cabos submarinos"},"content":{"rendered":"<p data-start=\"555\" data-end=\"1085\">Com a crescente preocupa\u00e7\u00e3o em torno da\u00a0seguran\u00e7a de cabos submarinos\u00a0\u2014 por onde trafegam mais de 95% dos dados mundiais \u2014, o governo brasileiro avalia autorizar o uso do\u00a0Fundo de Universaliza\u00e7\u00e3o dos Servi\u00e7os de Telecomunica\u00e7\u00f5es (Fust)\u00a0para apoiar a\u00a0Marinha do Brasil\u00a0em a\u00e7\u00f5es de\u00a0monitoramento e defesa desses ativos estrat\u00e9gicos. O tema est\u00e1 sendo discutido no\u00a0Comit\u00ea Brasileiro de Prote\u00e7\u00e3o de Cabos Submarinos (CBPC)\u00a0e poder\u00e1 integrar o\u00a0Projeto de Lei n\u00ba 270\/2025, em an\u00e1lise no\u00a0Congresso Nacional.<\/p>\n<h3 data-start=\"1092\" data-end=\"1166\"><strong data-start=\"1099\" data-end=\"1166\">Fust e a prote\u00e7\u00e3o da infraestrutura cr\u00edtica de telecomunica\u00e7\u00f5es<\/strong><\/h3>\n<p data-start=\"1168\" data-end=\"1703\">O\u00a0Fust, criado para financiar a expans\u00e3o da conectividade e inclus\u00e3o digital, poder\u00e1 ter parte de seus recursos redirecionada para a\u00a0prote\u00e7\u00e3o f\u00edsica e operacional de cabos submarinos\u00a0que conectam o Brasil \u00e0 internet global. A proposta, apresentada pelo coordenador do\u00a0Comit\u00ea Brasileiro de Prote\u00e7\u00e3o de Cabos Submarinos (CBPC),\u00a0Rog\u00e9rio Mariano, prev\u00ea que a\u00a0Marinha do\u00a0Brasil\u00a0assuma um papel mais ativo no\u00a0monitoramento mar\u00edtimo e na vigil\u00e2ncia das rotas submersas, em coopera\u00e7\u00e3o com o setor de telecomunica\u00e7\u00f5es.<\/p>\n<p data-start=\"1705\" data-end=\"2374\">Segundo Mariano, a iniciativa surgiu ap\u00f3s um workshop entre o comit\u00ea e a For\u00e7a Naval, realizado em agosto. Ele explicou que as operadoras de telecomunica\u00e7\u00f5es participantes do CBPC entenderam que, por j\u00e1 contribu\u00edrem com o\u00a0Fust, poderiam apoiar a destina\u00e7\u00e3o de parte dessa verba para refor\u00e7ar a\u00a0prote\u00e7\u00e3o de cabos submarinos, considerados\u00a0infraestrutura cr\u00edtica nacional.<\/p>\n<p data-start=\"1705\" data-end=\"2374\">Atualmente, o comit\u00ea tamb\u00e9m coopera com o\u00a0Programa de Monitoramento de Embarca\u00e7\u00f5es Pesqueiras (PREPS), do Minist\u00e9rio da Pesca, com o objetivo de reduzir incidentes \u2014 j\u00e1 que cerca de\u00a080% dos rompimentos de cabos\u00a0decorrem de\u00a0falha humana, especialmente da pesca de arrasto.<\/p>\n<h3 data-start=\"2381\" data-end=\"2446\"><strong data-start=\"2388\" data-end=\"2446\">Cabos submarinos: o elo invis\u00edvel da soberania digital<\/strong><\/h3>\n<p data-start=\"2448\" data-end=\"2852\">Respons\u00e1veis pela transmiss\u00e3o de dados que sustentam\u00a0bancos, servi\u00e7os p\u00fablicos, comunica\u00e7\u00f5es militares e plataformas digitais, os\u00a0cabos submarinos\u00a0s\u00e3o estruturas sens\u00edveis e altamente estrat\u00e9gicas. O Brasil possui atualmente dezenas de liga\u00e7\u00f5es oce\u00e2nicas ativas, conectando o pa\u00eds a redes da\u00a0Am\u00e9rica do Norte, Europa e \u00c1frica, essenciais para a economia digital e a seguran\u00e7a da informa\u00e7\u00e3o.<\/p>\n<div class=\"google-anno-skip google-anno-sc\" tabindex=\"0\" role=\"link\" aria-label=\"Equipamento militar\" data-google-vignette=\"false\" data-google-interstitial=\"false\"><strong>Equipamento militar<\/strong><\/div>\n<p data-start=\"2854\" data-end=\"3407\">Nos \u00faltimos dois anos, o CBPC registrou\u00a0seis cortes em cabos no litoral brasileiro, a maioria provocada por embarca\u00e7\u00f5es de pesca. A atua\u00e7\u00e3o da\u00a0Marinha do Brasil\u00a0na preven\u00e7\u00e3o e resposta a esses incidentes \u00e9 vista como\u00a0fundamental\u00a0para garantir a continuidade do tr\u00e1fego de dados e evitar preju\u00edzos bilion\u00e1rios.<\/p>\n<p data-start=\"2854\" data-end=\"3407\">Com sua experi\u00eancia em\u00a0vigil\u00e2ncia costeira, patrulha naval e gest\u00e3o de \u00e1reas mar\u00edtimas, a For\u00e7a Naval se apresenta como parceira natural do setor de telecomunica\u00e7\u00f5es para garantir a\u00a0soberania digital e mar\u00edtima\u00a0do pa\u00eds.<\/p>\n<h3 data-start=\"3414\" data-end=\"3468\"><strong data-start=\"3421\" data-end=\"3468\">Coopera\u00e7\u00e3o institucional e pol\u00edtica p\u00fablica<\/strong><\/h3>\n<p data-start=\"3470\" data-end=\"3916\">Criado em 2023, o\u00a0Comit\u00ea Brasileiro de Prote\u00e7\u00e3o de Cabos Submarinos\u00a0re\u00fane operadoras de telecomunica\u00e7\u00f5es, representantes da\u00a0Anatel, da\u00a0Marinha do Brasil, do\u00a0Gabinete de Seguran\u00e7a Institucional (GSI)\u00a0e do\u00a0Minist\u00e9rio das Comunica\u00e7\u00f5es, todos na condi\u00e7\u00e3o de observadores. Embora n\u00e3o tenha car\u00e1ter regulat\u00f3rio, o grupo atua como f\u00f3rum t\u00e9cnico, produzindo subs\u00eddios para futuras\u00a0pol\u00edticas p\u00fablicas e regulamenta\u00e7\u00f5es da Anatel.<\/p>\n<div class=\"google-anno-skip google-anno-sc\" tabindex=\"0\" role=\"link\" aria-label=\"Equipamento naval\" data-google-vignette=\"false\" data-google-interstitial=\"false\"><strong>Equipamento naval<\/strong><\/div>\n<p data-start=\"3918\" data-end=\"4347\">A proposta de incluir o repasse de recursos do\u00a0Fust\u00a0\u00e0\u00a0Marinha\u00a0ser\u00e1 analisada no contexto do\u00a0Projeto de Lei n\u00ba 270\/2025, que trata da\u00a0Pol\u00edtica Nacional para Cabos Submarinos. Caso seja aprovada, representar\u00e1 um marco na integra\u00e7\u00e3o entre\u00a0Defesa Nacional\u00a0e\u00a0Infraestrutura Digital, consolidando o conceito de\u00a0seguran\u00e7a cibern\u00e9tica ampliada\u00a0\u2014 que une tecnologia, vigil\u00e2ncia mar\u00edtima e governan\u00e7a p\u00fablica.<\/p>\n<p data-start=\"4349\" data-end=\"4587\">Para especialistas, a medida refor\u00e7a a import\u00e2ncia da\u00a0coopera\u00e7\u00e3o civil-militar\u00a0na prote\u00e7\u00e3o de infraestruturas cr\u00edticas e insere o Brasil entre os pa\u00edses que tratam a\u00a0ciberseguran\u00e7a mar\u00edtima\u00a0como componente da soberania nacional.<\/p>\n<p data-start=\"4349\" data-end=\"4587\">Fonte: Defesa em Foco<\/p>\n","protected":false},"excerpt":{"rendered":"<p>Com a crescente preocupa\u00e7\u00e3o em torno da\u00a0seguran\u00e7a de cabos submarinos\u00a0\u2014 por onde trafegam mais de 95% dos dados mundiais \u2014, o governo brasileiro avalia autorizar&#8230;<\/p>\n","protected":false},"author":1527,"featured_media":61657,"comment_status":"closed","ping_status":"closed","sticky":false,"template":"","format":"standard","meta":{"footnotes":""},"categories":[6],"tags":[],"class_list":["post-61656","post","type-post","status-publish","format-standard","has-post-thumbnail","hentry","category-noticias"],"_links":{"self":[{"href":"https:\/\/www.sincomam.org.br\/index.php\/wp-json\/wp\/v2\/posts\/61656","targetHints":{"allow":["GET"]}}],"collection":[{"href":"https:\/\/www.sincomam.org.br\/index.php\/wp-json\/wp\/v2\/posts"}],"about":[{"href":"https:\/\/www.sincomam.org.br\/index.php\/wp-json\/wp\/v2\/types\/post"}],"author":[{"embeddable":true,"href":"https:\/\/www.sincomam.org.br\/index.php\/wp-json\/wp\/v2\/users\/1527"}],"replies":[{"embeddable":true,"href":"https:\/\/www.sincomam.org.br\/index.php\/wp-json\/wp\/v2\/comments?post=61656"}],"version-history":[{"count":1,"href":"https:\/\/www.sincomam.org.br\/index.php\/wp-json\/wp\/v2\/posts\/61656\/revisions"}],"predecessor-version":[{"id":61658,"href":"https:\/\/www.sincomam.org.br\/index.php\/wp-json\/wp\/v2\/posts\/61656\/revisions\/61658"}],"wp:featuredmedia":[{"embeddable":true,"href":"https:\/\/www.sincomam.org.br\/index.php\/wp-json\/wp\/v2\/media\/61657"}],"wp:attachment":[{"href":"https:\/\/www.sincomam.org.br\/index.php\/wp-json\/wp\/v2\/media?parent=61656"}],"wp:term":[{"taxonomy":"category","embeddable":true,"href":"https:\/\/www.sincomam.org.br\/index.php\/wp-json\/wp\/v2\/categories?post=61656"},{"taxonomy":"post_tag","embeddable":true,"href":"https:\/\/www.sincomam.org.br\/index.php\/wp-json\/wp\/v2\/tags?post=61656"}],"curies":[{"name":"wp","href":"https:\/\/api.w.org\/{rel}","templated":true}]}}