{"id":6165,"date":"2014-06-18T08:27:52","date_gmt":"2014-06-18T11:27:52","guid":{"rendered":"http:\/\/www.sincomam.org.br\/?p=6165"},"modified":"2014-06-17T18:31:01","modified_gmt":"2014-06-17T21:31:01","slug":"portuarios-fazem-protesto-por-reajuste-salarial-em-paranagua","status":"publish","type":"post","link":"https:\/\/www.sincomam.org.br\/index.php\/portuarios-fazem-protesto-por-reajuste-salarial-em-paranagua\/","title":{"rendered":"Portu\u00e1rios fazem protesto por reajuste salarial em Paranagu\u00e1"},"content":{"rendered":"<p>Portu\u00e1rios de Paranagu\u00e1 realizaram ontem, segunda-feira (16), uma manifesta\u00e7\u00e3o para pedir abertura de negocia\u00e7\u00e3o com o governo do Estado para reajuste salarial. A categoria pede 30% de aumento. O protesto \u00e9 reflexo da falta de avan\u00e7o nas negocia\u00e7\u00f5es, pois o \u00edndice de aumento oferecido pela dire\u00e7\u00e3o do porto foi de 6,37%. Por isso, a categoria tamb\u00e9m j\u00e1 aprovou um indicativo de greve, ainda sem data para ser iniciada.<\/p>\n<p>Organizado pelo Sintrapor (Sindicato dos Trabalhadores Portu\u00e1rios dos Portos de Paranagu\u00e1 e Antonina), que representa 604 funcion\u00e1rios de carreira e outros 104 nomeados do terminal, a manifesta\u00e7\u00e3o reuniu cerca de 250 pessoas que n\u00e3o estavam em hor\u00e1rio de trabalho, de acordo com os organizadores, e se concentrou em frente ao acesso principal do porto.<\/p>\n<p>O tr\u00e2nsito de caminh\u00f5es que chegavam para desembarcar gr\u00e3os ficou lento e uma fila de quase 9 km se formou da \u00e1rea portu\u00e1ria at\u00e9 o in\u00edcio da BR-277, principal acesso a Paranagu\u00e1 e liga\u00e7\u00e3o com Curitiba. Apesar do protesto, as atividades no porto seguiram sem interrup\u00e7\u00f5es.<\/p>\n<p>O sindicato informou tamb\u00e9m que rompeu as conversas com a dire\u00e7\u00e3o da Appa (Administra\u00e7\u00e3o dos Portos de Paranagu\u00e1 e Antonina). &#8220;N\u00e3o queremos mais negociar com eles, porque falam uma coisa de manh\u00e3 e cumprem outra \u00e0 tarde. Por isso, estamos aguardando uma resposta para sentar e negociar com o governo do Estado (ao qual a APPA \u00e9 subordinada). Aprovamos um indicativo de greve em assembleia na \u00faltima sexta-feira, mas queremos antes esgotar todas as possibilidades de conversa&#8221;, afirmou Orlei de Souza Miranda, presidente do Sintraport.<\/p>\n<p>Orlei afirma que o porto tem receitas suficientes para cobrir o \u00edndice de reajuste apresentado. &#8220;A cada ano o porto vem batendo sucessivos recordes de movimenta\u00e7\u00e3o de cargas. Em 2012, foram 41 milh\u00f5es de toneladas, no ano passado, o volume chegou a 46 milh\u00f5es. E esse recorde n\u00e3o se bate com celular e computador, mas com funcion\u00e1rios que est\u00e3o l\u00e1 trabalhando de sol a sol.&#8221;<\/p>\n<p>Em nota oficial, a dire\u00e7\u00e3o da Appa informou que vem realizando uma s\u00e9rie de reuni\u00f5es com os representantes do sindicato. &#8220;Na \u00faltima quinta-feira, a Appa entregou aos representantes sindicais uma contraproposta aos pleitos previamente realizados pelo Sindicato, atendendo todas as demandas no que tange \u00e0s garantias trabalhistas, ficando para a aprova\u00e7\u00e3o do sindicato, em assembleia, as cl\u00e1usulas econ\u00f4micas. Neste quesito, a Appa ofertou aos trabalhadores o mesmo que o Governo do Paran\u00e1 est\u00e1 ofertando para todas as categorias do estado: 6,06% de reajuste salarial&#8221;, informa o comunicado.<\/p>\n<p>Diante das seguidas conversa\u00e7\u00f5es, a dire\u00e7\u00e3o da Appa disse que &#8220;foi surpreendida com o protesto no in\u00edcio da manh\u00e3 desta segunda-feira&#8221;. Apesar disso a Appa manifestou interesse em continuar aguardando uma resposta do Sintraport &#8220;para dar continuidade \u00e0s tratativas\u201d.<\/p>\n<p>Fonte: Gazeta do Povo (PR)<\/p>\n","protected":false},"excerpt":{"rendered":"<p>Portu\u00e1rios de Paranagu\u00e1 realizaram ontem, segunda-feira (16), uma manifesta\u00e7\u00e3o para pedir abertura de negocia\u00e7\u00e3o com o governo do Estado para reajuste salarial. A categoria pede&#8230;<\/p>\n","protected":false},"author":1182,"featured_media":0,"comment_status":"closed","ping_status":"closed","sticky":false,"template":"","format":"standard","meta":{"footnotes":""},"categories":[6],"tags":[],"class_list":["post-6165","post","type-post","status-publish","format-standard","hentry","category-noticias"],"_links":{"self":[{"href":"https:\/\/www.sincomam.org.br\/index.php\/wp-json\/wp\/v2\/posts\/6165","targetHints":{"allow":["GET"]}}],"collection":[{"href":"https:\/\/www.sincomam.org.br\/index.php\/wp-json\/wp\/v2\/posts"}],"about":[{"href":"https:\/\/www.sincomam.org.br\/index.php\/wp-json\/wp\/v2\/types\/post"}],"author":[{"embeddable":true,"href":"https:\/\/www.sincomam.org.br\/index.php\/wp-json\/wp\/v2\/users\/1182"}],"replies":[{"embeddable":true,"href":"https:\/\/www.sincomam.org.br\/index.php\/wp-json\/wp\/v2\/comments?post=6165"}],"version-history":[{"count":1,"href":"https:\/\/www.sincomam.org.br\/index.php\/wp-json\/wp\/v2\/posts\/6165\/revisions"}],"predecessor-version":[{"id":6166,"href":"https:\/\/www.sincomam.org.br\/index.php\/wp-json\/wp\/v2\/posts\/6165\/revisions\/6166"}],"wp:attachment":[{"href":"https:\/\/www.sincomam.org.br\/index.php\/wp-json\/wp\/v2\/media?parent=6165"}],"wp:term":[{"taxonomy":"category","embeddable":true,"href":"https:\/\/www.sincomam.org.br\/index.php\/wp-json\/wp\/v2\/categories?post=6165"},{"taxonomy":"post_tag","embeddable":true,"href":"https:\/\/www.sincomam.org.br\/index.php\/wp-json\/wp\/v2\/tags?post=6165"}],"curies":[{"name":"wp","href":"https:\/\/api.w.org\/{rel}","templated":true}]}}