{"id":61646,"date":"2025-10-09T09:20:58","date_gmt":"2025-10-09T12:20:58","guid":{"rendered":"https:\/\/www.sincomam.org.br\/?p=61646"},"modified":"2025-10-09T09:20:58","modified_gmt":"2025-10-09T12:20:58","slug":"itaipu-apresenta-embarcacao-movida-a-hidrogenio-verde","status":"publish","type":"post","link":"https:\/\/www.sincomam.org.br\/index.php\/itaipu-apresenta-embarcacao-movida-a-hidrogenio-verde\/","title":{"rendered":"Itaipu apresenta embarca\u00e7\u00e3o movida a hidrog\u00eanio verde"},"content":{"rendered":"<p>A Itaipu Binacional, empresa respons\u00e1vel pela hidrel\u00e9trica na fronteira do Brasil com o Paraguai, apresentou nesta quarta-feira (8), no reservat\u00f3rio da usina no Rio Paran\u00e1, um barco 100% movido a hidrog\u00eanio verde (H2V), que n\u00e3o emite gases do efeito estufa (GEE). A embarca\u00e7\u00e3o, de alum\u00ednio e com 9,5 metros de comprimento e tr\u00eas metros de largura, ser\u00e1 lan\u00e7ada oficialmente em Bel\u00e9m, durante a 30\u00aa Confer\u00eancia das Na\u00e7\u00f5es Unidas sobre Mudan\u00e7a do Clima (COP30).<\/p>\n<p>A embarca\u00e7\u00e3o conta tamb\u00e9m com sistema para uso de energia solar e, durante a navega\u00e7\u00e3o, n\u00e3o emite barulho nem poluentes. Ela ser\u00e1 usada inicialmente na coleta seletiva de res\u00edduos s\u00f3lidos urbanos nas ilhas habitadas da capital paraense, mas h\u00e1 previs\u00e3o de uso tamb\u00e9m no transporte de passageiros, segundo o diretor-geral brasileiro de Itaipu, Enio Verri, que disse que barcos a hidrog\u00eanio poder\u00e3o ser utilizados ainda no apoio \u00e0 explora\u00e7\u00e3o e produ\u00e7\u00e3o de petr\u00f3leo na Margem Equatorial.<\/p>\n<p>O projeto foi desenvolvido pelo Itaipu Parquetec, centro de inova\u00e7\u00f5es em solu\u00e7\u00f5es sustent\u00e1veis da Itaipu Binacional, e \u00e9 o primeiro do tipo na Am\u00e9rica Latina. O barco ficar\u00e1 sob responsabilidade da Funda\u00e7\u00e3o de Amparo e Desenvolvimento da Pesquisa (Fadesp), institui\u00e7\u00e3o sem fins lucrativos que tem como objetivo apoiar o desenvolvimento cient\u00edfico, social e tecnol\u00f3gico da Amaz\u00f4nia e \u00e9 ligada \u00e0 Universidade Federal do Par\u00e1 (UFPA).<\/p>\n<p>Fonte: Portos e Navios<\/p>\n","protected":false},"excerpt":{"rendered":"<p>A Itaipu Binacional, empresa respons\u00e1vel pela hidrel\u00e9trica na fronteira do Brasil com o Paraguai, apresentou nesta quarta-feira (8), no reservat\u00f3rio da usina no Rio Paran\u00e1,&#8230;<\/p>\n","protected":false},"author":1527,"featured_media":61647,"comment_status":"closed","ping_status":"closed","sticky":false,"template":"","format":"standard","meta":{"footnotes":""},"categories":[6],"tags":[],"class_list":["post-61646","post","type-post","status-publish","format-standard","has-post-thumbnail","hentry","category-noticias"],"_links":{"self":[{"href":"https:\/\/www.sincomam.org.br\/index.php\/wp-json\/wp\/v2\/posts\/61646","targetHints":{"allow":["GET"]}}],"collection":[{"href":"https:\/\/www.sincomam.org.br\/index.php\/wp-json\/wp\/v2\/posts"}],"about":[{"href":"https:\/\/www.sincomam.org.br\/index.php\/wp-json\/wp\/v2\/types\/post"}],"author":[{"embeddable":true,"href":"https:\/\/www.sincomam.org.br\/index.php\/wp-json\/wp\/v2\/users\/1527"}],"replies":[{"embeddable":true,"href":"https:\/\/www.sincomam.org.br\/index.php\/wp-json\/wp\/v2\/comments?post=61646"}],"version-history":[{"count":1,"href":"https:\/\/www.sincomam.org.br\/index.php\/wp-json\/wp\/v2\/posts\/61646\/revisions"}],"predecessor-version":[{"id":61648,"href":"https:\/\/www.sincomam.org.br\/index.php\/wp-json\/wp\/v2\/posts\/61646\/revisions\/61648"}],"wp:featuredmedia":[{"embeddable":true,"href":"https:\/\/www.sincomam.org.br\/index.php\/wp-json\/wp\/v2\/media\/61647"}],"wp:attachment":[{"href":"https:\/\/www.sincomam.org.br\/index.php\/wp-json\/wp\/v2\/media?parent=61646"}],"wp:term":[{"taxonomy":"category","embeddable":true,"href":"https:\/\/www.sincomam.org.br\/index.php\/wp-json\/wp\/v2\/categories?post=61646"},{"taxonomy":"post_tag","embeddable":true,"href":"https:\/\/www.sincomam.org.br\/index.php\/wp-json\/wp\/v2\/tags?post=61646"}],"curies":[{"name":"wp","href":"https:\/\/api.w.org\/{rel}","templated":true}]}}