{"id":6163,"date":"2014-06-18T08:24:22","date_gmt":"2014-06-18T11:24:22","guid":{"rendered":"http:\/\/www.sincomam.org.br\/?p=6163"},"modified":"2014-06-17T18:27:04","modified_gmt":"2014-06-17T21:27:04","slug":"seca-interrompe-fluxo-na-hidrovia-tiete-parana-e-afeta-exportadores-de-soja","status":"publish","type":"post","link":"https:\/\/www.sincomam.org.br\/index.php\/seca-interrompe-fluxo-na-hidrovia-tiete-parana-e-afeta-exportadores-de-soja\/","title":{"rendered":"Seca interrompe fluxo na hidrovia Tiet\u00ea-Paran\u00e1 e afeta exportadores de soja"},"content":{"rendered":"<p>Os n\u00edveis dos reservat\u00f3rios na regi\u00e3o Sudeste devem fechar junho em 36,4 por cento, um pouco mais da metade do n\u00edvel registrado um ano atr\u00e1s e um dos mais baixos em 15 anos. O governo da presidente Dilma Rousseff n\u00e3o quer correr risco de um racionamento neste ano eleitoral. Dois ter\u00e7os da energia no Brasil v\u00eam de hidrel\u00e9tricas.<\/p>\n<p>Enquanto isso, o calado m\u00e1ximo da hidrovia Tiet\u00ea-Paran\u00e1, ou a profundidade da embarca\u00e7\u00e3o abaixo do n\u00edvel da \u00e1gua, estava em apenas 0,5 metros em algumas partes nesta segunda-feira, bem abaixo dos 2,2 metros necess\u00e1rios para a navega\u00e7\u00e3o comercial, disse a Secretaria Estadual de Log\u00edstica e Transportes de S\u00e3o Paulo.<\/p>\n<p>Luiz Fernando Horta de Siqueira, presidente do Sindicato dos Armadores de Navega\u00e7\u00e3o Fluvial do Estado de S\u00e3o Paulo, disse que o calado pode ser elevado a n\u00edveis naveg\u00e1veis em um trecho de 8 a 10 km se forem elevadas as reservas do Tiet\u00ea-Paran\u00e1 bem acima de Itaipu.<\/p>\n<p>A hidrovia Tiet\u00ea-Paran\u00e1 transporta 8 milh\u00f5es de toneladas em cargas por ano, incluindo 2,5 milh\u00f5es de toneladas de soja, milho e derivados de soja que v\u00eam principalmente de Mato Grosso e Goi\u00e1s, de acordo com Vaz da Aprosoja.<\/p>\n<p>Fonte: ReutersReportagem adicional de Gustavo Bonato, Jeb Blount e Anna Flavia Rochas<\/p>\n","protected":false},"excerpt":{"rendered":"<p>Os n\u00edveis dos reservat\u00f3rios na regi\u00e3o Sudeste devem fechar junho em 36,4 por cento, um pouco mais da metade do n\u00edvel registrado um ano atr\u00e1s&#8230;<\/p>\n","protected":false},"author":1182,"featured_media":4442,"comment_status":"closed","ping_status":"closed","sticky":false,"template":"","format":"standard","meta":{"footnotes":""},"categories":[6],"tags":[],"class_list":["post-6163","post","type-post","status-publish","format-standard","has-post-thumbnail","hentry","category-noticias"],"_links":{"self":[{"href":"https:\/\/www.sincomam.org.br\/index.php\/wp-json\/wp\/v2\/posts\/6163","targetHints":{"allow":["GET"]}}],"collection":[{"href":"https:\/\/www.sincomam.org.br\/index.php\/wp-json\/wp\/v2\/posts"}],"about":[{"href":"https:\/\/www.sincomam.org.br\/index.php\/wp-json\/wp\/v2\/types\/post"}],"author":[{"embeddable":true,"href":"https:\/\/www.sincomam.org.br\/index.php\/wp-json\/wp\/v2\/users\/1182"}],"replies":[{"embeddable":true,"href":"https:\/\/www.sincomam.org.br\/index.php\/wp-json\/wp\/v2\/comments?post=6163"}],"version-history":[{"count":1,"href":"https:\/\/www.sincomam.org.br\/index.php\/wp-json\/wp\/v2\/posts\/6163\/revisions"}],"predecessor-version":[{"id":6164,"href":"https:\/\/www.sincomam.org.br\/index.php\/wp-json\/wp\/v2\/posts\/6163\/revisions\/6164"}],"wp:featuredmedia":[{"embeddable":true,"href":"https:\/\/www.sincomam.org.br\/index.php\/wp-json\/wp\/v2\/media\/4442"}],"wp:attachment":[{"href":"https:\/\/www.sincomam.org.br\/index.php\/wp-json\/wp\/v2\/media?parent=6163"}],"wp:term":[{"taxonomy":"category","embeddable":true,"href":"https:\/\/www.sincomam.org.br\/index.php\/wp-json\/wp\/v2\/categories?post=6163"},{"taxonomy":"post_tag","embeddable":true,"href":"https:\/\/www.sincomam.org.br\/index.php\/wp-json\/wp\/v2\/tags?post=6163"}],"curies":[{"name":"wp","href":"https:\/\/api.w.org\/{rel}","templated":true}]}}