{"id":61612,"date":"2025-10-07T11:37:27","date_gmt":"2025-10-07T14:37:27","guid":{"rendered":"https:\/\/www.sincomam.org.br\/?p=61612"},"modified":"2025-10-07T11:37:27","modified_gmt":"2025-10-07T14:37:27","slug":"draga-galileo-galilei-chega-a-itapoa-para-dragagem-e-alargamento-da-orla","status":"publish","type":"post","link":"https:\/\/www.sincomam.org.br\/index.php\/draga-galileo-galilei-chega-a-itapoa-para-dragagem-e-alargamento-da-orla\/","title":{"rendered":"Draga &#8216;Galileo Galilei&#8217; chega a Itapo\u00e1 para dragagem e alargamento da orla"},"content":{"rendered":"<p>A administra\u00e7\u00e3o do Porto de Itapo\u00e1, em Santa Catarina, informou que chegou \u00e0 cidade a draga <em>Galileo Galilei<\/em>, que ser\u00e1 usada na dragagem do canal de acesso ao terminal e no alargamento da faixa de areia da praia local. O equipamento, considerado um dos mais modernos do mundo no segmento, tem capacidade de cisterna de 18 mil metros c\u00fabicos (m\u00b3).<\/p>\n<p>A expectativa \u00e9 de que a dragagem seja iniciada em 10 dias. Antes, ser\u00e3o instaladas na praia tubula\u00e7\u00f5es que v\u00e3o transportar a areia dragada at\u00e9 a faixa litor\u00e2nea, possibilitando a recupera\u00e7\u00e3o da orla. Segundo a administra\u00e7\u00e3o portu\u00e1ria, o projeto elaborado para os servi\u00e7os j\u00e1 foi aprovado, mas depende ainda da autoriza\u00e7\u00e3o dos \u00f3rg\u00e3os respons\u00e1veis.<\/p>\n<p>O processo de recupera\u00e7\u00e3o da orla come\u00e7ou em setembro com equipamentos terrestres, como escavadeiras e tratores. Eles foram usados para preparar o local para receber a tubula\u00e7\u00e3o. Quando ela estiver toda instalada, ser\u00e3o iniciadas a dragagem e a transfer\u00eancia para a orla do material que ser\u00e1 retirado do canal de acesso.<\/p>\n<p>Segundo a administra\u00e7\u00e3o do Porto de Itapo\u00e1, o m\u00e9todo que ser\u00e1 empregado \u00e9 semelhante ao usado no alargamento das praias de Balne\u00e1rio Cambori\u00fa, tamb\u00e9m em Santa Catarina, e na de Matinhos, no Paran\u00e1. Nos dois casos, foi usada a draga\u00a0<em>Galileo Galilei<\/em>.<\/p>\n<p>Fonte: Portos e Navios<\/p>\n","protected":false},"excerpt":{"rendered":"<p>A administra\u00e7\u00e3o do Porto de Itapo\u00e1, em Santa Catarina, informou que chegou \u00e0 cidade a draga Galileo Galilei, que ser\u00e1 usada na dragagem do canal&#8230;<\/p>\n","protected":false},"author":1527,"featured_media":61613,"comment_status":"closed","ping_status":"closed","sticky":false,"template":"","format":"standard","meta":{"footnotes":""},"categories":[6],"tags":[],"class_list":["post-61612","post","type-post","status-publish","format-standard","has-post-thumbnail","hentry","category-noticias"],"_links":{"self":[{"href":"https:\/\/www.sincomam.org.br\/index.php\/wp-json\/wp\/v2\/posts\/61612","targetHints":{"allow":["GET"]}}],"collection":[{"href":"https:\/\/www.sincomam.org.br\/index.php\/wp-json\/wp\/v2\/posts"}],"about":[{"href":"https:\/\/www.sincomam.org.br\/index.php\/wp-json\/wp\/v2\/types\/post"}],"author":[{"embeddable":true,"href":"https:\/\/www.sincomam.org.br\/index.php\/wp-json\/wp\/v2\/users\/1527"}],"replies":[{"embeddable":true,"href":"https:\/\/www.sincomam.org.br\/index.php\/wp-json\/wp\/v2\/comments?post=61612"}],"version-history":[{"count":1,"href":"https:\/\/www.sincomam.org.br\/index.php\/wp-json\/wp\/v2\/posts\/61612\/revisions"}],"predecessor-version":[{"id":61614,"href":"https:\/\/www.sincomam.org.br\/index.php\/wp-json\/wp\/v2\/posts\/61612\/revisions\/61614"}],"wp:featuredmedia":[{"embeddable":true,"href":"https:\/\/www.sincomam.org.br\/index.php\/wp-json\/wp\/v2\/media\/61613"}],"wp:attachment":[{"href":"https:\/\/www.sincomam.org.br\/index.php\/wp-json\/wp\/v2\/media?parent=61612"}],"wp:term":[{"taxonomy":"category","embeddable":true,"href":"https:\/\/www.sincomam.org.br\/index.php\/wp-json\/wp\/v2\/categories?post=61612"},{"taxonomy":"post_tag","embeddable":true,"href":"https:\/\/www.sincomam.org.br\/index.php\/wp-json\/wp\/v2\/tags?post=61612"}],"curies":[{"name":"wp","href":"https:\/\/api.w.org\/{rel}","templated":true}]}}