{"id":6161,"date":"2014-06-18T08:12:12","date_gmt":"2014-06-18T11:12:12","guid":{"rendered":"http:\/\/www.sincomam.org.br\/?p=6161"},"modified":"2014-06-17T18:24:10","modified_gmt":"2014-06-17T21:24:10","slug":"tecon-salvador-opera-maior-navio-de-cabotagem-da-costa-brasileira-e-bate-recorde-de-produtividade","status":"publish","type":"post","link":"https:\/\/www.sincomam.org.br\/index.php\/tecon-salvador-opera-maior-navio-de-cabotagem-da-costa-brasileira-e-bate-recorde-de-produtividade\/","title":{"rendered":"Tecon Salvador opera maior navio de cabotagem da costa brasileira e bate recorde de produtividade"},"content":{"rendered":"<p class=\"ecxmsonormal\"><span>O Tecon Salvador recebeu no \u00faltimo fim de semana, pela primeira vez, o navio Bartolomeu Dias da Alian\u00e7a Navega\u00e7\u00e3o, embarca\u00e7\u00e3o de cabotagem com maior capacidade de transporte de carga (at\u00e9 4.800 TEUs) que est\u00e1 em atividade na costa brasileira. A opera\u00e7\u00e3o tamb\u00e9m rendeu outro \u00edndice in\u00e9dito ao terminal, desta vez de produtividade: foram realizados 81,2 movimentos por hora, sendo que o recorde at\u00e9 ent\u00e3o tinha sido 74,5\u00a0movimentos\/hora atingido na \u00faltima sexta-feira (13).<\/span><span><o:p><\/o:p><\/span><\/p>\n<p class=\"ecxmsonormal\"><span>O porte do navio, com quase o dobro da capacidade m\u00e9dia das embarca\u00e7\u00f5es atuais, reflete a tend\u00eancia de desenvolvimento do modal,\u00a0que vem se tornando cada vez\u00a0mais competitivo.\u00a0No ano passado, o terminal de cont\u00eaineres de Salvador registrou crescimento de 16,1% no transporte de cargas pela costa brasileira.<\/span><span><o:p><\/o:p><\/span><\/p>\n<p class=\"ecxmsonormal\"><span>A perspectiva \u00e9 de que novas cargas sejam movimentadas pelo modal por conta de seus benef\u00edcios, como a redu\u00e7\u00e3o de custos com avarias e o menor \u00edndice de sinistralidade.<o:p><\/o:p><\/span><\/p>\n","protected":false},"excerpt":{"rendered":"<p>O Tecon Salvador recebeu no \u00faltimo fim de semana, pela primeira vez, o navio Bartolomeu Dias da Alian\u00e7a Navega\u00e7\u00e3o, embarca\u00e7\u00e3o de cabotagem com maior capacidade&#8230;<\/p>\n","protected":false},"author":1182,"featured_media":3530,"comment_status":"closed","ping_status":"closed","sticky":false,"template":"","format":"standard","meta":{"footnotes":""},"categories":[6],"tags":[],"class_list":["post-6161","post","type-post","status-publish","format-standard","has-post-thumbnail","hentry","category-noticias"],"_links":{"self":[{"href":"https:\/\/www.sincomam.org.br\/index.php\/wp-json\/wp\/v2\/posts\/6161","targetHints":{"allow":["GET"]}}],"collection":[{"href":"https:\/\/www.sincomam.org.br\/index.php\/wp-json\/wp\/v2\/posts"}],"about":[{"href":"https:\/\/www.sincomam.org.br\/index.php\/wp-json\/wp\/v2\/types\/post"}],"author":[{"embeddable":true,"href":"https:\/\/www.sincomam.org.br\/index.php\/wp-json\/wp\/v2\/users\/1182"}],"replies":[{"embeddable":true,"href":"https:\/\/www.sincomam.org.br\/index.php\/wp-json\/wp\/v2\/comments?post=6161"}],"version-history":[{"count":1,"href":"https:\/\/www.sincomam.org.br\/index.php\/wp-json\/wp\/v2\/posts\/6161\/revisions"}],"predecessor-version":[{"id":6162,"href":"https:\/\/www.sincomam.org.br\/index.php\/wp-json\/wp\/v2\/posts\/6161\/revisions\/6162"}],"wp:featuredmedia":[{"embeddable":true,"href":"https:\/\/www.sincomam.org.br\/index.php\/wp-json\/wp\/v2\/media\/3530"}],"wp:attachment":[{"href":"https:\/\/www.sincomam.org.br\/index.php\/wp-json\/wp\/v2\/media?parent=6161"}],"wp:term":[{"taxonomy":"category","embeddable":true,"href":"https:\/\/www.sincomam.org.br\/index.php\/wp-json\/wp\/v2\/categories?post=6161"},{"taxonomy":"post_tag","embeddable":true,"href":"https:\/\/www.sincomam.org.br\/index.php\/wp-json\/wp\/v2\/tags?post=6161"}],"curies":[{"name":"wp","href":"https:\/\/api.w.org\/{rel}","templated":true}]}}