{"id":61595,"date":"2025-10-06T10:24:39","date_gmt":"2025-10-06T13:24:39","guid":{"rendered":"https:\/\/www.sincomam.org.br\/?p=61595"},"modified":"2025-10-06T10:25:27","modified_gmt":"2025-10-06T13:25:27","slug":"futuro-da-infraestrutura-portuaria-e-da-navegacao-sera-tema-do-summit-antaq-2025","status":"publish","type":"post","link":"https:\/\/www.sincomam.org.br\/index.php\/futuro-da-infraestrutura-portuaria-e-da-navegacao-sera-tema-do-summit-antaq-2025\/","title":{"rendered":"Futuro da infraestrutura portu\u00e1ria e da navega\u00e7\u00e3o ser\u00e1 tema do Summit ANTAQ 2025"},"content":{"rendered":"<p dir=\"ltr\">Com o tema o futuro da infraestrutura portu\u00e1ria e da navega\u00e7\u00e3o no Brasil, ser\u00e1 realizada mais uma edi\u00e7\u00e3o do Summit ANTAQ 2025.\u00a0 Neste ano, o evento acontece no dia 16 de outubro, \u00e0s 13h, na Arena BRB &#8211; o Est\u00e1dio Man\u00e9 Garrincha -, em Bras\u00edlia (DF).<\/p>\n<p dir=\"ltr\">Com o apoio t\u00e9cnico da Ag\u00eancia Nacional de Transportes Aquavi\u00e1rios (ANTAQ) e realiza\u00e7\u00e3o do Grupo Tribuna, o objetivo do encontro \u00e9 promover um di\u00e1logo aberto sobre a regula\u00e7\u00e3o da Ag\u00eancia com autoridades governamentais e entidades ligadas ao setor aquavi\u00e1rio. Inscri\u00e7\u00f5es podem ser realizadas\u00a0<a class=\"external-link\" title=\"\" href=\"https:\/\/grupo-tribuna.evolurp.app\/pages\/evento?id=22\" target=\"_blank\" rel=\"noopener\" data-tippreview-enabled=\"false\" data-tippreview-image=\"\" data-tippreview-title=\"\">neste link<\/a>.<\/p>\n<p dir=\"ltr\">O primeiro painel, que ser\u00e1 ministrado pelo diretor-geral da ANTAQ, Frederico Dias, vai debater o transporte aquavi\u00e1rio como vetor de competitividade, de integra\u00e7\u00e3o log\u00edstica e de desenvolvimento regional.<\/p>\n<p dir=\"ltr\">Ele tamb\u00e9m ser\u00e1 um dos painelistas do di\u00e1logo de encerramento, \u201cO arranjo estrutural do setor portu\u00e1rio e mar\u00edtimo no Brasil\u201d, junto com o diretor Caio Farias, o secret\u00e1rio de Portos do Minist\u00e9rio de Portos e Aeroportos, Alex \u00c1vila, o secret\u00e1rio de Hidrovias e Navega\u00e7\u00e3o da pasta, Dino Antunes, entre outros.<\/p>\n<p dir=\"ltr\">O diretor Caio Farias tamb\u00e9m estar\u00e1 presente no painel &#8220;Desafios das concess\u00f5es no Brasil &#8211; Defender a competitividade ou os competidores?\u201d. Por sua vez, a diretora Fl\u00e1via Takafashi vai debater o ac\u00f3rd\u00e3o que estabelece regras para a cobran\u00e7a de sobreestadia de cont\u00eaineres.<\/p>\n<p dir=\"ltr\">O diretor Alber Vasconcelos far\u00e1 parte da composi\u00e7\u00e3o do Tribuna Talks sobre os benef\u00edcios das concess\u00f5es hidrovi\u00e1rias. O corpo t\u00e9cnico da ANTAQ tamb\u00e9m estar\u00e1 presente no evento como painelista.<\/p>\n<p dir=\"ltr\">O summit conta ainda com a participa\u00e7\u00e3o do ministro de Portos e Aeroportos, Silvio Costa Filho; do consultor de Assuntos Portu\u00e1rios do Grupo Tribuna, Maxwell Rodrigues; do diretor-presidente do Jornal A Tribuna, Roberto Clemente Santini, e demais representantes do setor.<\/p>\n<p dir=\"ltr\">Fonte: Antaq<\/p>\n","protected":false},"excerpt":{"rendered":"<p>Com o tema o futuro da infraestrutura portu\u00e1ria e da navega\u00e7\u00e3o no Brasil, ser\u00e1 realizada mais uma edi\u00e7\u00e3o do Summit ANTAQ 2025.\u00a0 Neste ano, o&#8230;<\/p>\n","protected":false},"author":1527,"featured_media":61596,"comment_status":"closed","ping_status":"closed","sticky":false,"template":"","format":"standard","meta":{"footnotes":""},"categories":[6],"tags":[],"class_list":["post-61595","post","type-post","status-publish","format-standard","has-post-thumbnail","hentry","category-noticias"],"_links":{"self":[{"href":"https:\/\/www.sincomam.org.br\/index.php\/wp-json\/wp\/v2\/posts\/61595","targetHints":{"allow":["GET"]}}],"collection":[{"href":"https:\/\/www.sincomam.org.br\/index.php\/wp-json\/wp\/v2\/posts"}],"about":[{"href":"https:\/\/www.sincomam.org.br\/index.php\/wp-json\/wp\/v2\/types\/post"}],"author":[{"embeddable":true,"href":"https:\/\/www.sincomam.org.br\/index.php\/wp-json\/wp\/v2\/users\/1527"}],"replies":[{"embeddable":true,"href":"https:\/\/www.sincomam.org.br\/index.php\/wp-json\/wp\/v2\/comments?post=61595"}],"version-history":[{"count":1,"href":"https:\/\/www.sincomam.org.br\/index.php\/wp-json\/wp\/v2\/posts\/61595\/revisions"}],"predecessor-version":[{"id":61597,"href":"https:\/\/www.sincomam.org.br\/index.php\/wp-json\/wp\/v2\/posts\/61595\/revisions\/61597"}],"wp:featuredmedia":[{"embeddable":true,"href":"https:\/\/www.sincomam.org.br\/index.php\/wp-json\/wp\/v2\/media\/61596"}],"wp:attachment":[{"href":"https:\/\/www.sincomam.org.br\/index.php\/wp-json\/wp\/v2\/media?parent=61595"}],"wp:term":[{"taxonomy":"category","embeddable":true,"href":"https:\/\/www.sincomam.org.br\/index.php\/wp-json\/wp\/v2\/categories?post=61595"},{"taxonomy":"post_tag","embeddable":true,"href":"https:\/\/www.sincomam.org.br\/index.php\/wp-json\/wp\/v2\/tags?post=61595"}],"curies":[{"name":"wp","href":"https:\/\/api.w.org\/{rel}","templated":true}]}}