{"id":61583,"date":"2025-10-06T06:55:10","date_gmt":"2025-10-06T09:55:10","guid":{"rendered":"https:\/\/www.sincomam.org.br\/?p=61583"},"modified":"2025-10-06T06:55:10","modified_gmt":"2025-10-06T09:55:10","slug":"senado-cria-frente-parlamentar-para-desenvolvimento-da-navegacao-brasileira","status":"publish","type":"post","link":"https:\/\/www.sincomam.org.br\/index.php\/senado-cria-frente-parlamentar-para-desenvolvimento-da-navegacao-brasileira\/","title":{"rendered":"Senado cria Frente Parlamentar para Desenvolvimento da Navega\u00e7\u00e3o Brasileira"},"content":{"rendered":"<p>O presidente do Senado, Davi Alcolumbre (Uni\u00e3o-AP), promulgou, na \u00faltima quinta-feira (2), resolu\u00e7\u00e3o que cria a Frente Parlamentar para o Desenvolvimento da Navega\u00e7\u00e3o Brasileira. Segundo o texto publicado no Di\u00e1rio Oficial da Uni\u00e3o, o grupo ser\u00e1 formado pelos senadores que manifestarem interesse em integr\u00e1-la e \u201caberta \u00e0 participa\u00e7\u00e3o de parlamentares de todos os partidos pol\u00edticos e de todo cidad\u00e3o ou entidade que aceite os seus princ\u00edpios e tenha interesse de transformar em realidade os seus objetivos\u201d.<\/p>\n<p>Ente eles, s\u00e3o citados na resolu\u00e7\u00e3o, os de promover a defesa e o desenvolvimento da navega\u00e7\u00e3o brasileira, estimular e defender a preserva\u00e7\u00e3o e a melhoria das condi\u00e7\u00f5es de navegabilidade das hidrovias, incentivar o transporte multimodal, estudar e propor o aperfei\u00e7oamento ou a consolida\u00e7\u00e3o da legisla\u00e7\u00e3o reguladora da navega\u00e7\u00e3o e acompanhar, fiscalizar e contribuir com as pol\u00edticas de navega\u00e7\u00e3o, seguran\u00e7a e desenvolvimento do setor.<\/p>\n<p>Al\u00e9m disso, a Frente ter\u00e1 entre suas tarefas acompanhar o processo legislativo no Congresso Nacional envolvendo pol\u00edticas inerentes \u00e0 navega\u00e7\u00e3o e acompanhar e monitorar a elabora\u00e7\u00e3o e a execu\u00e7\u00e3o do or\u00e7amento da Uni\u00e3o, dos estados, do Distrito Federal e dos munic\u00edpios para ampliar o investimento p\u00fablico na navega\u00e7\u00e3o.<\/p>\n<div class=\"addtoany_container\"><span class=\"a2a_kit a2a_kit_size_32 addtoany_list\" data-a2a-url=\"https:\/\/www.portosenavios.com.br\/noticias\/navegacao-e-marinha\/senado-cria-frente-parlamentar-para-desenvolvimento-da-navegacao-brasileira\" data-a2a-title=\"Senado cria Frente Parlamentar para Desenvolvimento da Navega\u00e7\u00e3o Brasileira\">Fonte: Portos\u00a0 e Navios<\/span><\/div>\n","protected":false},"excerpt":{"rendered":"<p>O presidente do Senado, Davi Alcolumbre (Uni\u00e3o-AP), promulgou, na \u00faltima quinta-feira (2), resolu\u00e7\u00e3o que cria a Frente Parlamentar para o Desenvolvimento da Navega\u00e7\u00e3o Brasileira. Segundo&#8230;<\/p>\n","protected":false},"author":1527,"featured_media":61584,"comment_status":"closed","ping_status":"closed","sticky":false,"template":"","format":"standard","meta":{"footnotes":""},"categories":[6],"tags":[],"class_list":["post-61583","post","type-post","status-publish","format-standard","has-post-thumbnail","hentry","category-noticias"],"_links":{"self":[{"href":"https:\/\/www.sincomam.org.br\/index.php\/wp-json\/wp\/v2\/posts\/61583","targetHints":{"allow":["GET"]}}],"collection":[{"href":"https:\/\/www.sincomam.org.br\/index.php\/wp-json\/wp\/v2\/posts"}],"about":[{"href":"https:\/\/www.sincomam.org.br\/index.php\/wp-json\/wp\/v2\/types\/post"}],"author":[{"embeddable":true,"href":"https:\/\/www.sincomam.org.br\/index.php\/wp-json\/wp\/v2\/users\/1527"}],"replies":[{"embeddable":true,"href":"https:\/\/www.sincomam.org.br\/index.php\/wp-json\/wp\/v2\/comments?post=61583"}],"version-history":[{"count":1,"href":"https:\/\/www.sincomam.org.br\/index.php\/wp-json\/wp\/v2\/posts\/61583\/revisions"}],"predecessor-version":[{"id":61585,"href":"https:\/\/www.sincomam.org.br\/index.php\/wp-json\/wp\/v2\/posts\/61583\/revisions\/61585"}],"wp:featuredmedia":[{"embeddable":true,"href":"https:\/\/www.sincomam.org.br\/index.php\/wp-json\/wp\/v2\/media\/61584"}],"wp:attachment":[{"href":"https:\/\/www.sincomam.org.br\/index.php\/wp-json\/wp\/v2\/media?parent=61583"}],"wp:term":[{"taxonomy":"category","embeddable":true,"href":"https:\/\/www.sincomam.org.br\/index.php\/wp-json\/wp\/v2\/categories?post=61583"},{"taxonomy":"post_tag","embeddable":true,"href":"https:\/\/www.sincomam.org.br\/index.php\/wp-json\/wp\/v2\/tags?post=61583"}],"curies":[{"name":"wp","href":"https:\/\/api.w.org\/{rel}","templated":true}]}}