{"id":61556,"date":"2025-10-03T13:33:58","date_gmt":"2025-10-03T16:33:58","guid":{"rendered":"https:\/\/www.sincomam.org.br\/?p=61556"},"modified":"2025-10-03T13:53:34","modified_gmt":"2025-10-03T16:53:34","slug":"navio-escola-brasil-aporta-em-antuerpia-e-fortalece-formacao-de-guardas-marinha-em-viagem-internacional","status":"publish","type":"post","link":"https:\/\/www.sincomam.org.br\/index.php\/navio-escola-brasil-aporta-em-antuerpia-e-fortalece-formacao-de-guardas-marinha-em-viagem-internacional\/","title":{"rendered":"Navio-Escola \u201cBrasil\u201d aporta em Antu\u00e9rpia e fortalece forma\u00e7\u00e3o de Guardas-Marinha em viagem internacional"},"content":{"rendered":"<p>Entre os dias 24 e 27 de setembro, o Navio-Escola \u201cBrasil\u201d realizou a sua s\u00e9tima escala da XXXIX Viagem de Instru\u00e7\u00e3o de Guardas-Marinha (VIGM), atracando na cidade portu\u00e1ria de Antu\u00e9rpia, B\u00e9lgica. A visita teve como foco a forma\u00e7\u00e3o profissional e cultural dos futuros Oficiais da Marinha do Brasil e o fortalecimento de la\u00e7os diplom\u00e1ticos com a na\u00e7\u00e3o amiga.Livros de hist\u00f3ria<\/p>\n<p><strong>Diplomacia naval e recep\u00e7\u00e3o oficial<\/strong><br \/>\nLogo na chegada, em 24 de setembro, o Navio-Escola promoveu uma recep\u00e7\u00e3o protocolar a bordo, reunindo representantes diplom\u00e1ticos e convidados da sociedade belga. O evento teve como objetivo fortalecer os relacionamentos institucionais entre Brasil e B\u00e9lgica, reafirmando o papel da Marinha do Brasil como instrumento de diplomacia naval e aproxima\u00e7\u00e3o internacional.<\/p>\n<p>Essas a\u00e7\u00f5es diplom\u00e1ticas fazem parte da tradi\u00e7\u00e3o da Viagem de Instru\u00e7\u00e3o de Guardas-Marinha, que busca n\u00e3o apenas formar futuros Oficiais, mas tamb\u00e9m representar o Brasil no exterior, ampliando os la\u00e7os de coopera\u00e7\u00e3o com na\u00e7\u00f5es amigas.<\/p>\n<p>Forma\u00e7\u00e3o cultural e acad\u00eamica dos Guardas-Marinha<br \/>\nDurante a estadia em Antu\u00e9rpia, os Guardas-Marinha da Turma \u201cAlmirante Bos\u00edsio\u201d participaram de atividades culturais e educacionais. No dia 24 de setembro, visitaram o Museu MAS (Museum Aan de Stroom), uma das principais refer\u00eancias culturais da B\u00e9lgica. J\u00e1 no dia 26, estiveram na Academia Mar\u00edtima de Antu\u00e9rpia, onde tiveram contato com pr\u00e1ticas acad\u00eamicas e t\u00e9cnicas relacionadas \u00e0 forma\u00e7\u00e3o naval europeia.<\/p>\n<p>Essas experi\u00eancias foram fundamentais para ampliar a vis\u00e3o profissional e cultural dos futuros Oficiais, promovendo o interc\u00e2mbio de conhecimentos e fortalecendo a prepara\u00e7\u00e3o acad\u00eamica e pr\u00e1tica da turma em forma\u00e7\u00e3o.<\/p>\n<p><strong>Aproxima\u00e7\u00e3o com a sociedade belga<\/strong><br \/>\nNos dias 25 e 26 de setembro, o Navio-Escola \u201cBrasil\u201d foi aberto \u00e0 visita\u00e7\u00e3o p\u00fablica, atraindo fam\u00edlias, estudantes e entusiastas do mar. Os visitantes puderam conhecer as instala\u00e7\u00f5es do navio, compreender as tarefas desempenhadas pela tripula\u00e7\u00e3o e interagir diretamente com os Guardas-Marinha.<\/p>\n<p>Essa abertura fortaleceu a imagem da Marinha do Brasil no exterior e promoveu a aproxima\u00e7\u00e3o com a sociedade belga, permitindo que a popula\u00e7\u00e3o local tivesse contato com a cultura naval brasileira e com o trabalho desenvolvido ao longo da Viagem de Instru\u00e7\u00e3o.<\/p>\n<p>Fonte: Defesa em Foco<\/p>\n","protected":false},"excerpt":{"rendered":"<p>Entre os dias 24 e 27 de setembro, o Navio-Escola \u201cBrasil\u201d realizou a sua s\u00e9tima escala da XXXIX Viagem de Instru\u00e7\u00e3o de Guardas-Marinha (VIGM), atracando&#8230;<\/p>\n","protected":false},"author":1527,"featured_media":61568,"comment_status":"closed","ping_status":"closed","sticky":false,"template":"","format":"standard","meta":{"footnotes":""},"categories":[6],"tags":[],"class_list":["post-61556","post","type-post","status-publish","format-standard","has-post-thumbnail","hentry","category-noticias"],"_links":{"self":[{"href":"https:\/\/www.sincomam.org.br\/index.php\/wp-json\/wp\/v2\/posts\/61556","targetHints":{"allow":["GET"]}}],"collection":[{"href":"https:\/\/www.sincomam.org.br\/index.php\/wp-json\/wp\/v2\/posts"}],"about":[{"href":"https:\/\/www.sincomam.org.br\/index.php\/wp-json\/wp\/v2\/types\/post"}],"author":[{"embeddable":true,"href":"https:\/\/www.sincomam.org.br\/index.php\/wp-json\/wp\/v2\/users\/1527"}],"replies":[{"embeddable":true,"href":"https:\/\/www.sincomam.org.br\/index.php\/wp-json\/wp\/v2\/comments?post=61556"}],"version-history":[{"count":1,"href":"https:\/\/www.sincomam.org.br\/index.php\/wp-json\/wp\/v2\/posts\/61556\/revisions"}],"predecessor-version":[{"id":61558,"href":"https:\/\/www.sincomam.org.br\/index.php\/wp-json\/wp\/v2\/posts\/61556\/revisions\/61558"}],"wp:featuredmedia":[{"embeddable":true,"href":"https:\/\/www.sincomam.org.br\/index.php\/wp-json\/wp\/v2\/media\/61568"}],"wp:attachment":[{"href":"https:\/\/www.sincomam.org.br\/index.php\/wp-json\/wp\/v2\/media?parent=61556"}],"wp:term":[{"taxonomy":"category","embeddable":true,"href":"https:\/\/www.sincomam.org.br\/index.php\/wp-json\/wp\/v2\/categories?post=61556"},{"taxonomy":"post_tag","embeddable":true,"href":"https:\/\/www.sincomam.org.br\/index.php\/wp-json\/wp\/v2\/tags?post=61556"}],"curies":[{"name":"wp","href":"https:\/\/api.w.org\/{rel}","templated":true}]}}