{"id":61553,"date":"2025-10-03T13:31:12","date_gmt":"2025-10-03T16:31:12","guid":{"rendered":"https:\/\/www.sincomam.org.br\/?p=61553"},"modified":"2025-10-03T13:31:12","modified_gmt":"2025-10-03T16:31:12","slug":"marinha-do-brasil-reforca-preparo-ambiental-para-proxima-operacao-antartica","status":"publish","type":"post","link":"https:\/\/www.sincomam.org.br\/index.php\/marinha-do-brasil-reforca-preparo-ambiental-para-proxima-operacao-antartica\/","title":{"rendered":"Marinha do Brasil refor\u00e7a preparo ambiental para pr\u00f3xima Opera\u00e7\u00e3o Ant\u00e1rtica"},"content":{"rendered":"<p>Militares da Marinha do Brasil que integrar\u00e3o o Grupo-Base da Opera\u00e7\u00e3o Ant\u00e1rtica 2025\/2026 participaram, em agosto, de um treinamento especializado em preven\u00e7\u00e3o e resposta a emerg\u00eancias ambientais. A capacita\u00e7\u00e3o contou com a parceria do MMA, Ibama e Petrobras, refor\u00e7ando o compromisso da For\u00e7a Naval com a preserva\u00e7\u00e3o do continente gelado.<\/p>\n<p><strong>Treinamento e simula\u00e7\u00f5es pr\u00e1ticas<\/strong><br \/>\nAs atividades de capacita\u00e7\u00e3o come\u00e7aram com aulas te\u00f3ricas na Esta\u00e7\u00e3o de Apoio Ant\u00e1rtico (ESANTAR Rio), no Rio de Janeiro. Na sequ\u00eancia, os militares participaram de exerc\u00edcios pr\u00e1ticos realizados na Refinaria Duque de Caxias (Reduc) e na Ilha de Paquet\u00e1, com apoio do Centro de Defesa Ambiental (CDA) da Petrobras.Coisas para fazer perto do Rio de JaneiroConcursos militares<\/p>\n<p>Durante os exerc\u00edcios, os integrantes do Grupo-Base aprenderam a identificar as condi\u00e7\u00f5es adequadas para o uso de barreiras de conten\u00e7\u00e3o, praticaram diferentes m\u00e9todos de instala\u00e7\u00e3o, realizaram simula\u00e7\u00f5es de descontamina\u00e7\u00e3o de pessoal e equipamentos e testaram t\u00e9cnicas para o descarte correto de res\u00edduos contaminados. Esses procedimentos refletem situa\u00e7\u00f5es reais de risco que podem ocorrer durante o abastecimento e manuten\u00e7\u00e3o da Esta\u00e7\u00e3o Ant\u00e1rtica Comandante Ferraz (EACF).<\/p>\n<p><strong>Import\u00e2ncia ambiental e protocolos internacionais<\/strong><br \/>\nO treinamento est\u00e1 alinhado \u00e0s normas do Protocolo de Madri, tratado internacional que estabelece medidas rigorosas para a preserva\u00e7\u00e3o ambiental na Ant\u00e1rtica. Tamb\u00e9m seguiu as diretrizes do Plano de Conting\u00eancia para Derramamento de \u00d3leo (PCDO), elaborado pelo Grupo de Avalia\u00e7\u00e3o Ambiental (GAAm) do PROANTAR.<\/p>\n<p>Essa prepara\u00e7\u00e3o garante que, em caso de incidentes envolvendo combust\u00edveis ou res\u00edduos, os militares possam responder de maneira r\u00e1pida e eficaz, minimizando impactos e preservando o ecossistema ant\u00e1rtico. O Capit\u00e3o de Fragata Felipe Cardoso de Ara\u00fajo, futuro comandante do Grupo-Base 2026, destacou a relev\u00e2ncia do preparo: \u201cA dist\u00e2ncia de pontos de apoio \u00e0 Esta\u00e7\u00e3o exige que todas as tarefas sejam minuciosamente planejadas e cuidadosamente executadas\u201d.<\/p>\n<p><strong>Relev\u00e2ncia cient\u00edfica e estrat\u00e9gica do PROANTAR<\/strong><br \/>\nA Opera\u00e7\u00e3o Ant\u00e1rtica integra o Programa Ant\u00e1rtico Brasileiro (PROANTAR), respons\u00e1vel por apoiar cerca de 29 projetos cient\u00edficos anuais em \u00e1reas como oceanografia, glaciologia, biologia, geologia e meteorologia. Essa produ\u00e7\u00e3o cient\u00edfica garante ao Brasil a posi\u00e7\u00e3o de Membro Consultivo do Tratado da Ant\u00e1rtica, assegurando participa\u00e7\u00e3o ativa nas decis\u00f5es sobre o futuro do continente.<\/p>\n<p>Al\u00e9m da Marinha, a Opera\u00e7\u00e3o Ant\u00e1rtica conta com o envolvimento da For\u00e7a A\u00e9rea Brasileira, de diversos minist\u00e9rios, do CNPq e de universidades e centros de pesquisa nacionais. Os navios NApOc \u201cAry Rongel\u201d e NPo \u201cAlmirante Maximiano\u201d desempenham papel essencial no apoio log\u00edstico e cient\u00edfico, consolidando a presen\u00e7a brasileira no continente gelado.<\/p>\n<p>Fonte: Defesa em Foco<\/p>\n","protected":false},"excerpt":{"rendered":"<p>Militares da Marinha do Brasil que integrar\u00e3o o Grupo-Base da Opera\u00e7\u00e3o Ant\u00e1rtica 2025\/2026 participaram, em agosto, de um treinamento especializado em preven\u00e7\u00e3o e resposta a&#8230;<\/p>\n","protected":false},"author":1527,"featured_media":61554,"comment_status":"closed","ping_status":"closed","sticky":false,"template":"","format":"standard","meta":{"footnotes":""},"categories":[6],"tags":[],"class_list":["post-61553","post","type-post","status-publish","format-standard","has-post-thumbnail","hentry","category-noticias"],"_links":{"self":[{"href":"https:\/\/www.sincomam.org.br\/index.php\/wp-json\/wp\/v2\/posts\/61553","targetHints":{"allow":["GET"]}}],"collection":[{"href":"https:\/\/www.sincomam.org.br\/index.php\/wp-json\/wp\/v2\/posts"}],"about":[{"href":"https:\/\/www.sincomam.org.br\/index.php\/wp-json\/wp\/v2\/types\/post"}],"author":[{"embeddable":true,"href":"https:\/\/www.sincomam.org.br\/index.php\/wp-json\/wp\/v2\/users\/1527"}],"replies":[{"embeddable":true,"href":"https:\/\/www.sincomam.org.br\/index.php\/wp-json\/wp\/v2\/comments?post=61553"}],"version-history":[{"count":1,"href":"https:\/\/www.sincomam.org.br\/index.php\/wp-json\/wp\/v2\/posts\/61553\/revisions"}],"predecessor-version":[{"id":61555,"href":"https:\/\/www.sincomam.org.br\/index.php\/wp-json\/wp\/v2\/posts\/61553\/revisions\/61555"}],"wp:featuredmedia":[{"embeddable":true,"href":"https:\/\/www.sincomam.org.br\/index.php\/wp-json\/wp\/v2\/media\/61554"}],"wp:attachment":[{"href":"https:\/\/www.sincomam.org.br\/index.php\/wp-json\/wp\/v2\/media?parent=61553"}],"wp:term":[{"taxonomy":"category","embeddable":true,"href":"https:\/\/www.sincomam.org.br\/index.php\/wp-json\/wp\/v2\/categories?post=61553"},{"taxonomy":"post_tag","embeddable":true,"href":"https:\/\/www.sincomam.org.br\/index.php\/wp-json\/wp\/v2\/tags?post=61553"}],"curies":[{"name":"wp","href":"https:\/\/api.w.org\/{rel}","templated":true}]}}