{"id":61538,"date":"2025-10-02T14:10:48","date_gmt":"2025-10-02T17:10:48","guid":{"rendered":"https:\/\/www.sincomam.org.br\/?p=61538"},"modified":"2025-10-02T14:10:48","modified_gmt":"2025-10-02T17:10:48","slug":"marinha-une-forcas-com-setor-civil-e-cria-cluster-naval-do-amazonas-para-impulsionar-industria-e-desenvolvimento","status":"publish","type":"post","link":"https:\/\/www.sincomam.org.br\/index.php\/marinha-une-forcas-com-setor-civil-e-cria-cluster-naval-do-amazonas-para-impulsionar-industria-e-desenvolvimento\/","title":{"rendered":"Marinha une for\u00e7as com setor civil e cria Cluster Naval do Amazonas para impulsionar ind\u00fastria e desenvolvimento"},"content":{"rendered":"<p>A Marinha do Brasil formalizou, em parceria com entidades da ind\u00fastria, com\u00e9rcio e universidades, a cria\u00e7\u00e3o do Cluster Naval do Amazonas. A solenidade de assinatura do estatuto ocorreu a bordo do NDCC \u201cAlmirante Saboia\u201d, em Manaus, e marcou um passo decisivo para fortalecer a ind\u00fastria naval e o desenvolvimento sustent\u00e1vel da regi\u00e3o amaz\u00f4nica.<\/p>\n<p><strong>Modelo de cluster e ind\u00fastria naval<\/strong><br \/>\nO Cluster Naval do Amazonas segue o modelo de arranjo produtivo local, j\u00e1 consagrado em outras regi\u00f5es do Brasil e do mundo. A proposta \u00e9 reunir, de forma integrada, setores estrat\u00e9gicos que atuam no transporte fluvial, na constru\u00e7\u00e3o naval e em tecnologias ligadas \u00e0 economia do mar e dos rios.<\/p>\n<p>Segundo o Vice-Almirante Jo\u00e3o Alberto de Araujo Lampert, Comandante do 9\u00ba Distrito Naval, a cria\u00e7\u00e3o do cluster \u00e9 um marco de relev\u00e2ncia para a Amaz\u00f4nia, onde a vida cotidiana e a economia dependem, fundamentalmente, da navega\u00e7\u00e3o. Al\u00e9m de estimular a Base Industrial de Defesa, a iniciativa busca consolidar a regi\u00e3o como polo nacional de inova\u00e7\u00e3o naval, capaz de atrair investimentos e ampliar a competitividade do setor.<\/p>\n<p><strong>Desenvolvimento regional e gera\u00e7\u00e3o de empregos<\/strong><br \/>\nO cluster nasce com voca\u00e7\u00e3o para gerar desenvolvimento econ\u00f4mico e social no Amazonas, impulsionando setores diretamente ligados \u00e0 economia fluvial. A meta \u00e9 fortalecer a ind\u00fastria regional, ampliar cadeias produtivas, fomentar o empreendedorismo local e estimular a internacionaliza\u00e7\u00e3o das empresas da regi\u00e3o.<\/p>\n<p>Al\u00e9m disso, o estatuto prev\u00ea a\u00e7\u00f5es voltadas para a qualifica\u00e7\u00e3o profissional e para a valoriza\u00e7\u00e3o da mentalidade mar\u00edtima, difundindo a import\u00e2ncia da defesa das \u00e1guas nacionais e do poder mar\u00edtimo como motor do desenvolvimento socioecon\u00f4mico. A expectativa \u00e9 que o arranjo produtivo gere empregos, renda e oportunidades sustent\u00e1veis para comunidades amaz\u00f4nicas.<\/p>\n<p><strong>Coopera\u00e7\u00e3o entre Estado, ind\u00fastria e academia<\/strong><br \/>\nA assinatura do estatuto contou com a participa\u00e7\u00e3o de oito institui\u00e7\u00f5es, incluindo a Assembleia Legislativa do Estado do Amazonas (ALEAM), a Federa\u00e7\u00e3o das Ind\u00fastrias do Estado do Amazonas (FIEAM), o Centro da Ind\u00fastria do Estado do Amazonas (CIEAM), a Universidade Federal do Amazonas (UFAM), al\u00e9m de sindicatos e associa\u00e7\u00f5es ligadas \u00e0 navega\u00e7\u00e3o e \u00e0 constru\u00e7\u00e3o naval.<\/p>\n<p>Para a reitora da UFAM, professora Tanara Lauschner, a iniciativa representa a concretiza\u00e7\u00e3o do modelo da \u201cTripla H\u00e9lice\u201d: a uni\u00e3o entre Estado, setor produtivo e academia. Segundo ela, a universidade contribuir\u00e1 especialmente em pesquisa, desenvolvimento e inova\u00e7\u00e3o, aproximando a produ\u00e7\u00e3o acad\u00eamica das demandas reais do setor naval.<\/p>\n<p>Com essa articula\u00e7\u00e3o, o Cluster Naval do Amazonas consolida-se como espa\u00e7o permanente de coopera\u00e7\u00e3o multissetorial, promovendo sustentabilidade, inova\u00e7\u00e3o e seguran\u00e7a da navega\u00e7\u00e3o nos rios amaz\u00f4nicos.<\/p>\n<p>Fonte: Defesa em Foco<\/p>\n","protected":false},"excerpt":{"rendered":"<p>A Marinha do Brasil formalizou, em parceria com entidades da ind\u00fastria, com\u00e9rcio e universidades, a cria\u00e7\u00e3o do Cluster Naval do Amazonas. A solenidade de assinatura&#8230;<\/p>\n","protected":false},"author":1527,"featured_media":61539,"comment_status":"closed","ping_status":"closed","sticky":false,"template":"","format":"standard","meta":{"footnotes":""},"categories":[6],"tags":[],"class_list":["post-61538","post","type-post","status-publish","format-standard","has-post-thumbnail","hentry","category-noticias"],"_links":{"self":[{"href":"https:\/\/www.sincomam.org.br\/index.php\/wp-json\/wp\/v2\/posts\/61538","targetHints":{"allow":["GET"]}}],"collection":[{"href":"https:\/\/www.sincomam.org.br\/index.php\/wp-json\/wp\/v2\/posts"}],"about":[{"href":"https:\/\/www.sincomam.org.br\/index.php\/wp-json\/wp\/v2\/types\/post"}],"author":[{"embeddable":true,"href":"https:\/\/www.sincomam.org.br\/index.php\/wp-json\/wp\/v2\/users\/1527"}],"replies":[{"embeddable":true,"href":"https:\/\/www.sincomam.org.br\/index.php\/wp-json\/wp\/v2\/comments?post=61538"}],"version-history":[{"count":1,"href":"https:\/\/www.sincomam.org.br\/index.php\/wp-json\/wp\/v2\/posts\/61538\/revisions"}],"predecessor-version":[{"id":61540,"href":"https:\/\/www.sincomam.org.br\/index.php\/wp-json\/wp\/v2\/posts\/61538\/revisions\/61540"}],"wp:featuredmedia":[{"embeddable":true,"href":"https:\/\/www.sincomam.org.br\/index.php\/wp-json\/wp\/v2\/media\/61539"}],"wp:attachment":[{"href":"https:\/\/www.sincomam.org.br\/index.php\/wp-json\/wp\/v2\/media?parent=61538"}],"wp:term":[{"taxonomy":"category","embeddable":true,"href":"https:\/\/www.sincomam.org.br\/index.php\/wp-json\/wp\/v2\/categories?post=61538"},{"taxonomy":"post_tag","embeddable":true,"href":"https:\/\/www.sincomam.org.br\/index.php\/wp-json\/wp\/v2\/tags?post=61538"}],"curies":[{"name":"wp","href":"https:\/\/api.w.org\/{rel}","templated":true}]}}