{"id":61517,"date":"2025-10-01T13:05:54","date_gmt":"2025-10-01T16:05:54","guid":{"rendered":"https:\/\/www.sincomam.org.br\/?p=61517"},"modified":"2025-10-01T13:05:54","modified_gmt":"2025-10-01T16:05:54","slug":"grupo-de-trabalho-do-pelt-reforca-importancia-do-planejamento-logistico-de-santa-catarina","status":"publish","type":"post","link":"https:\/\/www.sincomam.org.br\/index.php\/grupo-de-trabalho-do-pelt-reforca-importancia-do-planejamento-logistico-de-santa-catarina\/","title":{"rendered":"Grupo de Trabalho do PELT refor\u00e7a import\u00e2ncia do planejamento log\u00edstico de Santa Catarina"},"content":{"rendered":"<p>A reuni\u00e3o do Grupo de Trabalho do PELT (Plano Estadual de Log\u00edstica de Transporte) refor\u00e7ou a import\u00e2ncia do planejamento log\u00edstico de Santa Catarina. No encontro, realizado nesta segunda-feira, 29, em Florian\u00f3polis, os participantes destacaram a necessidade do estudo para buscar as solu\u00e7\u00f5es para os gargalos existentes e projetar o desenvolvimento futuro. O GT do PELT, criado pela Secretaria de Portos, Aeroportos e Ferrovias (SPAF), re\u00fane representantes de \u00f3rg\u00e3os p\u00fablicos e privados que acompanham o trabalho que vem sendo realizado pela INFRA SA, empresa respons\u00e1vel pelo Plano.<\/p>\n<p>\u201cN\u00f3s vivemos um cen\u00e1rio em que o setor produtivo catarinense atua em situa\u00e7\u00f5es cr\u00edticas e necessitamos de forma urgente encontrar solu\u00e7\u00f5es de curto prazo, sem esquecer o planejamento de m\u00e9dio e longo prazo. O PELT est\u00e1 sendo pensado para os pr\u00f3ximos 25 anos, mas isso n\u00e3o significa que as a\u00e7\u00f5es propostas n\u00e3o possam ser colocadas em pr\u00e1tica num tempo menor. O governador Jorginho Mello segue pensando em a\u00e7\u00f5es de Estado e n\u00e3o apenas de um governo\u201d, afirma o secret\u00e1rio da SPAF, Beto Martins.<\/p>\n<p>Os representantes da INFRA, empresa que est\u00e1 realizando o PELT, apresentaram informa\u00e7\u00f5es sobre o desenvolvimento do trabalho. Relataram que o estudo vem sendo feito com uma vis\u00e3o multimodal, mas observando as caracter\u00edsticas de cada setor. O Relat\u00f3rio 1 j\u00e1 foi finalizado e agora est\u00e1 em fase de conclus\u00e3o do Relat\u00f3rio 2. Esta parte do trabalho j\u00e1 apresenta os principais troncos log\u00edsticos por onde s\u00e3o transportadas cargas e pessoas em Santa Catarina.<\/p>\n<p>\u201cO PELT vai identificar gargalos e problemas, avaliando os impactos e apresentar uma carteira final de a\u00e7\u00f5es para ampliar a capacidade da infraestrutura log\u00edstica de Santa Catarina\u201d, relatou Gabriel Toscano, um dos t\u00e9cnicos da INFRA.<\/p>\n<p>Al\u00e9m da SPAF, participaram da reuni\u00e3o representantes da Secretaria da Infraestrutura, Secretaria do Planejamento, InvestSC, Facisc, Fiesc, Alesc e Fetrancesc.<\/p>\n<p>O contrato para o estudo tem o valor de aproximadamente R$ 4,257 milh\u00f5es, provenientes de dividendos do Porto de Imbituba e a previs\u00e3o \u00e9 que o PELT seja conclu\u00eddo no primeiro semestre de 2026.<\/p>\n<p>Fonte: Informativo dos Portos<\/p>\n","protected":false},"excerpt":{"rendered":"<p>A reuni\u00e3o do Grupo de Trabalho do PELT (Plano Estadual de Log\u00edstica de Transporte) refor\u00e7ou a import\u00e2ncia do planejamento log\u00edstico de Santa Catarina. No encontro,&#8230;<\/p>\n","protected":false},"author":1527,"featured_media":61518,"comment_status":"closed","ping_status":"closed","sticky":false,"template":"","format":"standard","meta":{"footnotes":""},"categories":[6],"tags":[],"class_list":["post-61517","post","type-post","status-publish","format-standard","has-post-thumbnail","hentry","category-noticias"],"_links":{"self":[{"href":"https:\/\/www.sincomam.org.br\/index.php\/wp-json\/wp\/v2\/posts\/61517","targetHints":{"allow":["GET"]}}],"collection":[{"href":"https:\/\/www.sincomam.org.br\/index.php\/wp-json\/wp\/v2\/posts"}],"about":[{"href":"https:\/\/www.sincomam.org.br\/index.php\/wp-json\/wp\/v2\/types\/post"}],"author":[{"embeddable":true,"href":"https:\/\/www.sincomam.org.br\/index.php\/wp-json\/wp\/v2\/users\/1527"}],"replies":[{"embeddable":true,"href":"https:\/\/www.sincomam.org.br\/index.php\/wp-json\/wp\/v2\/comments?post=61517"}],"version-history":[{"count":1,"href":"https:\/\/www.sincomam.org.br\/index.php\/wp-json\/wp\/v2\/posts\/61517\/revisions"}],"predecessor-version":[{"id":61519,"href":"https:\/\/www.sincomam.org.br\/index.php\/wp-json\/wp\/v2\/posts\/61517\/revisions\/61519"}],"wp:featuredmedia":[{"embeddable":true,"href":"https:\/\/www.sincomam.org.br\/index.php\/wp-json\/wp\/v2\/media\/61518"}],"wp:attachment":[{"href":"https:\/\/www.sincomam.org.br\/index.php\/wp-json\/wp\/v2\/media?parent=61517"}],"wp:term":[{"taxonomy":"category","embeddable":true,"href":"https:\/\/www.sincomam.org.br\/index.php\/wp-json\/wp\/v2\/categories?post=61517"},{"taxonomy":"post_tag","embeddable":true,"href":"https:\/\/www.sincomam.org.br\/index.php\/wp-json\/wp\/v2\/tags?post=61517"}],"curies":[{"name":"wp","href":"https:\/\/api.w.org\/{rel}","templated":true}]}}