{"id":61504,"date":"2025-10-01T12:38:28","date_gmt":"2025-10-01T15:38:28","guid":{"rendered":"https:\/\/www.sincomam.org.br\/?p=61504"},"modified":"2025-10-01T12:38:28","modified_gmt":"2025-10-01T15:38:28","slug":"agenda-do-mpor-no-amazonas-tem-inauguracao-de-ip4-e-apresentacao-de-projeto-para-porto-de-eirunepe","status":"publish","type":"post","link":"https:\/\/www.sincomam.org.br\/index.php\/agenda-do-mpor-no-amazonas-tem-inauguracao-de-ip4-e-apresentacao-de-projeto-para-porto-de-eirunepe\/","title":{"rendered":"Agenda do MPor no Amazonas tem inaugura\u00e7\u00e3o de IP4 e apresenta\u00e7\u00e3o de projeto para Porto de Eirunep\u00e9"},"content":{"rendered":"<p>O ministro de Portos e Aeroportos, Silvio Costa Filho, inaugurou na \u00faltima segunda-feira (29), em Elvira, no Amazonas, o novo porto da cidade. De acordo com o MPor, a obra foi executada pelo Departamento Nacional de Infraestrutura de Transportes (DNIT), custou R$ 37,6 milh\u00f5es e beneficiar\u00e1 diretamente os 17,1 mil habitantes. Em regi\u00e3o sem acesso rodovi\u00e1rio, Envira depende da navega\u00e7\u00e3o fluvial para transporte de passageiros, alimentos, medicamentos e bens essenciais.<\/p>\n<p>Segundo o minist\u00e9rio, o novo terminal vai garantir embarque e desembarque seguros em per\u00edodos de cheia e de vazante, al\u00e9m de reduzir custos log\u00edsticos e melhorar o escoamento da produ\u00e7\u00e3o agr\u00edcola e do pescado e o fornecimento de insumos b\u00e1sicos.<\/p>\n<p>Em Eirunep\u00e9, cidade com cerca de 33 mil habitantes, foi apresentado projeto, em fase de licita\u00e7\u00e3o, de constru\u00e7\u00e3o pelo DNIT de um IP4, com investimento de R$ 2 milh\u00f5es. O empreendimento \u00e9 considerado essencial porque a cidade, cuja economia \u00e9 baseada na agropecu\u00e1ria, depende integralmente dos rios para o transporte de bens e de passageiros.<\/p>\n<p>Segundo Costa Filho, a constru\u00e7\u00e3o e moderniza\u00e7\u00f5es de IP4 visa, ao mesmo tempo, oferecer solu\u00e7\u00f5es log\u00edsticas para o transporte na regi\u00e3o Amaz\u00f4nica e incentivar a ind\u00fastria naval local. \u201cReafirmamos o compromisso do governo federal em garantir seguran\u00e7a, reduzir desigualdades e integrar os munic\u00edpios do interior do Amazonas por meio da navega\u00e7\u00e3o interior\u201d, afirmou.<\/p>\n<p>Fonte: Portos e Navios<\/p>\n","protected":false},"excerpt":{"rendered":"<p>O ministro de Portos e Aeroportos, Silvio Costa Filho, inaugurou na \u00faltima segunda-feira (29), em Elvira, no Amazonas, o novo porto da cidade. De acordo&#8230;<\/p>\n","protected":false},"author":1527,"featured_media":61505,"comment_status":"closed","ping_status":"closed","sticky":false,"template":"","format":"standard","meta":{"footnotes":""},"categories":[6],"tags":[],"class_list":["post-61504","post","type-post","status-publish","format-standard","has-post-thumbnail","hentry","category-noticias"],"_links":{"self":[{"href":"https:\/\/www.sincomam.org.br\/index.php\/wp-json\/wp\/v2\/posts\/61504","targetHints":{"allow":["GET"]}}],"collection":[{"href":"https:\/\/www.sincomam.org.br\/index.php\/wp-json\/wp\/v2\/posts"}],"about":[{"href":"https:\/\/www.sincomam.org.br\/index.php\/wp-json\/wp\/v2\/types\/post"}],"author":[{"embeddable":true,"href":"https:\/\/www.sincomam.org.br\/index.php\/wp-json\/wp\/v2\/users\/1527"}],"replies":[{"embeddable":true,"href":"https:\/\/www.sincomam.org.br\/index.php\/wp-json\/wp\/v2\/comments?post=61504"}],"version-history":[{"count":1,"href":"https:\/\/www.sincomam.org.br\/index.php\/wp-json\/wp\/v2\/posts\/61504\/revisions"}],"predecessor-version":[{"id":61506,"href":"https:\/\/www.sincomam.org.br\/index.php\/wp-json\/wp\/v2\/posts\/61504\/revisions\/61506"}],"wp:featuredmedia":[{"embeddable":true,"href":"https:\/\/www.sincomam.org.br\/index.php\/wp-json\/wp\/v2\/media\/61505"}],"wp:attachment":[{"href":"https:\/\/www.sincomam.org.br\/index.php\/wp-json\/wp\/v2\/media?parent=61504"}],"wp:term":[{"taxonomy":"category","embeddable":true,"href":"https:\/\/www.sincomam.org.br\/index.php\/wp-json\/wp\/v2\/categories?post=61504"},{"taxonomy":"post_tag","embeddable":true,"href":"https:\/\/www.sincomam.org.br\/index.php\/wp-json\/wp\/v2\/tags?post=61504"}],"curies":[{"name":"wp","href":"https:\/\/api.w.org\/{rel}","templated":true}]}}