{"id":61490,"date":"2025-09-30T13:00:58","date_gmt":"2025-09-30T16:00:58","guid":{"rendered":"https:\/\/www.sincomam.org.br\/?p=61490"},"modified":"2025-09-30T13:03:08","modified_gmt":"2025-09-30T16:03:08","slug":"infraestrutura-critica-marinha-simulara-incidente-em-cabos-submarinos-no-ceara","status":"publish","type":"post","link":"https:\/\/www.sincomam.org.br\/index.php\/infraestrutura-critica-marinha-simulara-incidente-em-cabos-submarinos-no-ceara\/","title":{"rendered":"Infraestrutura cr\u00edtica: Marinha simular\u00e1 incidente em cabos submarinos no Cear\u00e1"},"content":{"rendered":"<p>Em novembro, a\u00a0Marinha do Brasil\u00a0realizar\u00e1 um exerc\u00edcio in\u00e9dito de\u00a0prote\u00e7\u00e3o a cabos submarinos\u00a0na\u00a0Praia do Futuro, em Fortaleza (CE). A opera\u00e7\u00e3o vai simular incidentes em infraestruturas cr\u00edticas de telecomunica\u00e7\u00f5es, refor\u00e7ando a seguran\u00e7a do polo de conectividade que liga o Brasil \u00e0 \u00c1frica, Europa e Am\u00e9rica.<\/p>\n<h2 data-start=\"553\" data-end=\"594\"><strong data-start=\"556\" data-end=\"592\">Como ser\u00e1 o exerc\u00edcio da Marinha<\/strong><\/h2>\n<p data-start=\"595\" data-end=\"940\">Marcado para os dias\u00a024 a 28 de novembro, o treinamento ter\u00e1 duas frentes de atua\u00e7\u00e3o: em\u00a0terra, com o\u00a0Batalh\u00e3o de Opera\u00e7\u00f5es Especiais de\u00a0Fuzileiros Navais\u00a0e o\u00a03\u00b0 Batalh\u00e3o de Opera\u00e7\u00f5es Litor\u00e2neas, respons\u00e1veis pela seguran\u00e7a das instala\u00e7\u00f5es de telecomunica\u00e7\u00f5es; e no\u00a0mar, com a prote\u00e7\u00e3o da \u00e1rea onde os cabos chegam \u00e0 costa.<\/p>\n<p data-start=\"942\" data-end=\"1372\">A simula\u00e7\u00e3o, inspirada em protocolos europeus, mobilizar\u00e1\u00a0navios-patrulha do 3\u00ba Distrito Naval, aeronaves da Esquadra, equipes do\u00a0GRUMEC (Grupamento de Mergulhadores de Combate)\u00a0e representantes de empresas estrat\u00e9gicas como\u00a0Petrobras, Blue Marine, Angola Cables\u00a0e o\u00a0Comit\u00ea Brasileiro de Prote\u00e7\u00e3o a Cabos Submarinos. Ser\u00e1 o\u00a0segundo exerc\u00edcio do tipo no\u00a0Brasil\u00a0\u2014 o primeiro ocorreu no Rio de Janeiro, em 2024.<\/p>\n<h2 data-start=\"1379\" data-end=\"1434\"><strong data-start=\"1382\" data-end=\"1432\">Import\u00e2ncia dos cabos submarinos para o Brasil<\/strong><\/h2>\n<p>A\u00a0Praia do Futuro\u00a0\u00e9 considerada o maior hub de conectividade do pa\u00eds, com\u00a016 cabos submarinos\u00a0que ligam o Brasil \u00e0 \u00c1frica Ocidental, Europa, Am\u00e9rica Central e Am\u00e9rica do Norte. Essa infraestrutura garante o tr\u00e1fego de dados para\u00a0181 milh\u00f5es de brasileiros\u00a0e conecta empresas como\u00a0Google, Angola Cables, Am\u00e9rica M\u00f3vil (Claro), Ellalink e China Unicom.<\/p>\n<p data-start=\"1805\" data-end=\"2146\">Segundo a Empresa de Tecnologia da Informa\u00e7\u00e3o do Cear\u00e1 (Etice), Fortaleza \u00e9 a principal porta de entrada e sa\u00edda de dados do Brasil, rivalizando em import\u00e2ncia com hubs internacionais. A seguran\u00e7a desses cabos \u00e9 vital para a\u00a0<strong data-start=\"2030\" data-end=\"2050\">economia digital<\/strong>, impactando setores como telecomunica\u00e7\u00f5es, finan\u00e7as, com\u00e9rcio eletr\u00f4nico e servi\u00e7os de nuvem.<\/p>\n<h2 data-start=\"2153\" data-end=\"2206\"><strong data-start=\"2156\" data-end=\"2204\">Cabos submarinos como infraestrutura cr\u00edtica<\/strong><\/h2>\n<p data-start=\"2207\" data-end=\"2566\">Os cabos submarinos est\u00e3o entre as infraestruturas mais estrat\u00e9gicas e vulner\u00e1veis do mundo. As principais amea\u00e7as s\u00e3o\u00a0\u00e2ncoras de navios, redes de pesca, atividades de sabotagem e terrorismo, al\u00e9m de falhas estruturais naturais. Ao contr\u00e1rio de mitos difundidos, animais marinhos como tubar\u00f5es n\u00e3o possuem for\u00e7a suficiente para romper esse tipo de rede.<\/p>\n<p data-start=\"2568\" data-end=\"3026\">De acordo com o Capit\u00e3o de Fragata\u00a0Paulo Ricardo Rodrigues dos Santos, especialista em prote\u00e7\u00e3o de cabos submarinos do\u00a0Comando Naval de Opera\u00e7\u00f5es Especiais, a preserva\u00e7\u00e3o dessa rede \u00e9 uma quest\u00e3o de\u00a0seguran\u00e7a nacional e econ\u00f4mica:<br data-start=\"2810\" data-end=\"2813\" \/><em data-start=\"2813\" data-end=\"3012\">\u201cProteger a rede de dados por onde cerca de 181 milh\u00f5es de brasileiros navegam diariamente \u00e9 um desafio gigantesco. A conduta das guerras atuais \u00e9 permanentemente afetada pela inova\u00e7\u00e3o tecnol\u00f3gica\u201d<\/em>, ressaltou.<\/p>\n<p data-start=\"3028\" data-end=\"3302\">Com o exerc\u00edcio em Fortaleza, a Marinha refor\u00e7a a prioridade de proteger n\u00e3o apenas os cabos submarinos, mas tamb\u00e9m outras infraestruturas cr\u00edticas como\u00a0plataformas de petr\u00f3leo, gasodutos, refinarias e usinas\u00a0\u2014 pilares da soberania e da seguran\u00e7a energ\u00e9tica do Brasil.<\/p>\n<p data-start=\"3028\" data-end=\"3302\">Fonte: Defesa em Foco<\/p>\n","protected":false},"excerpt":{"rendered":"<p>Em novembro, a\u00a0Marinha do Brasil\u00a0realizar\u00e1 um exerc\u00edcio in\u00e9dito de\u00a0prote\u00e7\u00e3o a cabos submarinos\u00a0na\u00a0Praia do Futuro, em Fortaleza (CE). A opera\u00e7\u00e3o vai simular incidentes em infraestruturas cr\u00edticas&#8230;<\/p>\n","protected":false},"author":1527,"featured_media":61494,"comment_status":"closed","ping_status":"closed","sticky":false,"template":"","format":"standard","meta":{"footnotes":""},"categories":[6],"tags":[],"class_list":["post-61490","post","type-post","status-publish","format-standard","has-post-thumbnail","hentry","category-noticias"],"_links":{"self":[{"href":"https:\/\/www.sincomam.org.br\/index.php\/wp-json\/wp\/v2\/posts\/61490","targetHints":{"allow":["GET"]}}],"collection":[{"href":"https:\/\/www.sincomam.org.br\/index.php\/wp-json\/wp\/v2\/posts"}],"about":[{"href":"https:\/\/www.sincomam.org.br\/index.php\/wp-json\/wp\/v2\/types\/post"}],"author":[{"embeddable":true,"href":"https:\/\/www.sincomam.org.br\/index.php\/wp-json\/wp\/v2\/users\/1527"}],"replies":[{"embeddable":true,"href":"https:\/\/www.sincomam.org.br\/index.php\/wp-json\/wp\/v2\/comments?post=61490"}],"version-history":[{"count":1,"href":"https:\/\/www.sincomam.org.br\/index.php\/wp-json\/wp\/v2\/posts\/61490\/revisions"}],"predecessor-version":[{"id":61492,"href":"https:\/\/www.sincomam.org.br\/index.php\/wp-json\/wp\/v2\/posts\/61490\/revisions\/61492"}],"wp:featuredmedia":[{"embeddable":true,"href":"https:\/\/www.sincomam.org.br\/index.php\/wp-json\/wp\/v2\/media\/61494"}],"wp:attachment":[{"href":"https:\/\/www.sincomam.org.br\/index.php\/wp-json\/wp\/v2\/media?parent=61490"}],"wp:term":[{"taxonomy":"category","embeddable":true,"href":"https:\/\/www.sincomam.org.br\/index.php\/wp-json\/wp\/v2\/categories?post=61490"},{"taxonomy":"post_tag","embeddable":true,"href":"https:\/\/www.sincomam.org.br\/index.php\/wp-json\/wp\/v2\/tags?post=61490"}],"curies":[{"name":"wp","href":"https:\/\/api.w.org\/{rel}","templated":true}]}}