{"id":61478,"date":"2025-09-30T12:29:49","date_gmt":"2025-09-30T15:29:49","guid":{"rendered":"https:\/\/www.sincomam.org.br\/?p=61478"},"modified":"2025-09-30T12:29:49","modified_gmt":"2025-09-30T15:29:49","slug":"aps-reforca-seguranca-cibernetica-do-porto-de-santos","status":"publish","type":"post","link":"https:\/\/www.sincomam.org.br\/index.php\/aps-reforca-seguranca-cibernetica-do-porto-de-santos\/","title":{"rendered":"APS refor\u00e7a seguran\u00e7a cibern\u00e9tica do Porto de Santos"},"content":{"rendered":"<p>A Autoridade Portu\u00e1ria de Santos (APS) informou, nesta segunda-feira (29), que ampliou sua capacidade de defender o Porto de Santos de ataques cibern\u00e9ticos. Segundo a entidade, a a\u00e7\u00e3o \u00e9 considerada essencial para garantir que as opera\u00e7\u00f5es e a pr\u00f3pria seguran\u00e7a f\u00edsica do complexo fiquem protegidas de invas\u00f5es a sua rede de dados.<\/p>\n<p>A APS informou que em 2025 investiu R$ 33 milh\u00f5es em tecnologia da informa\u00e7\u00e3o. Uma das a\u00e7\u00f5es foi a renova\u00e7\u00e3o completa do licenciamento dos equipamentos de defesa do ambiente digital. A autoridade portu\u00e1ria citou como um dos avan\u00e7os relevantes a amplia\u00e7\u00e3o da capacidade de registro e an\u00e1lise de eventos, que proporciona mais rastreabilidade, auditabilidade e agilidade na resposta a incidentes<\/p>\n<p>Outro ponto destacado foi a habilita\u00e7\u00e3o de intelig\u00eancia contra amea\u00e7as em tempo real, com servi\u00e7os que identificam automaticamente sinais de ataques cibern\u00e9ticos, alertando e protegendo o ambiente da APS com base em dados atualizados globalmente. Al\u00e9m disso, foi ressaltada a possibilidade de detec\u00e7\u00e3o proativa de amea\u00e7as e surtos de ataques, o que facilita atua\u00e7\u00e3o preventiva e automatizada frente a comportamentos considerados suspeitos, malwares ocultos e vulnerabilidades rec\u00e9m-descobertas. Esse recurso usa mecanismos baseados em intelig\u00eancia artificial e an\u00e1lise comportamental.<\/p>\n<p>A APS informou ainda que em setembro representantes da autoridade portu\u00e1ria participaram em Bras\u00edlia durante uma semana de treinamento de defesa contra ataques digitais no programa Exerc\u00edcio Guardi\u00e3o Cibern\u00e9tico, promovido pelo Minist\u00e9rio da Defesa e coordenado pelo Comando de Defesa Cibern\u00e9tica do Ex\u00e9rcito Brasileiro. O treinamento reuniu 169 organiza\u00e7\u00f5es e cerca de 750 participantes de 20 pa\u00edses.<\/p>\n<p>Fonte: Portos e Navios<\/p>\n","protected":false},"excerpt":{"rendered":"<p>A Autoridade Portu\u00e1ria de Santos (APS) informou, nesta segunda-feira (29), que ampliou sua capacidade de defender o Porto de Santos de ataques cibern\u00e9ticos. Segundo a&#8230;<\/p>\n","protected":false},"author":1527,"featured_media":61479,"comment_status":"closed","ping_status":"closed","sticky":false,"template":"","format":"standard","meta":{"footnotes":""},"categories":[6],"tags":[],"class_list":["post-61478","post","type-post","status-publish","format-standard","has-post-thumbnail","hentry","category-noticias"],"_links":{"self":[{"href":"https:\/\/www.sincomam.org.br\/index.php\/wp-json\/wp\/v2\/posts\/61478","targetHints":{"allow":["GET"]}}],"collection":[{"href":"https:\/\/www.sincomam.org.br\/index.php\/wp-json\/wp\/v2\/posts"}],"about":[{"href":"https:\/\/www.sincomam.org.br\/index.php\/wp-json\/wp\/v2\/types\/post"}],"author":[{"embeddable":true,"href":"https:\/\/www.sincomam.org.br\/index.php\/wp-json\/wp\/v2\/users\/1527"}],"replies":[{"embeddable":true,"href":"https:\/\/www.sincomam.org.br\/index.php\/wp-json\/wp\/v2\/comments?post=61478"}],"version-history":[{"count":1,"href":"https:\/\/www.sincomam.org.br\/index.php\/wp-json\/wp\/v2\/posts\/61478\/revisions"}],"predecessor-version":[{"id":61480,"href":"https:\/\/www.sincomam.org.br\/index.php\/wp-json\/wp\/v2\/posts\/61478\/revisions\/61480"}],"wp:featuredmedia":[{"embeddable":true,"href":"https:\/\/www.sincomam.org.br\/index.php\/wp-json\/wp\/v2\/media\/61479"}],"wp:attachment":[{"href":"https:\/\/www.sincomam.org.br\/index.php\/wp-json\/wp\/v2\/media?parent=61478"}],"wp:term":[{"taxonomy":"category","embeddable":true,"href":"https:\/\/www.sincomam.org.br\/index.php\/wp-json\/wp\/v2\/categories?post=61478"},{"taxonomy":"post_tag","embeddable":true,"href":"https:\/\/www.sincomam.org.br\/index.php\/wp-json\/wp\/v2\/tags?post=61478"}],"curies":[{"name":"wp","href":"https:\/\/api.w.org\/{rel}","templated":true}]}}