{"id":61476,"date":"2025-09-29T14:30:12","date_gmt":"2025-09-29T17:30:12","guid":{"rendered":"https:\/\/www.sincomam.org.br\/?p=61476"},"modified":"2025-09-29T14:30:12","modified_gmt":"2025-09-29T17:30:12","slug":"centro-universitario-unifecaf","status":"publish","type":"post","link":"https:\/\/www.sincomam.org.br\/index.php\/centro-universitario-unifecaf\/","title":{"rendered":"Centro Universit\u00e1rio UniFECAF"},"content":{"rendered":"<p>Condi\u00e7\u00f5es exclusivas nos cursos de gradua\u00e7\u00e3o e p\u00f3s-gradua\u00e7\u00e3o do Centro Universit\u00e1rio UniFECAF.<\/p>\n<p><strong><img decoding=\"async\" class=\"an1\" draggable=\"false\" src=\"https:\/\/fonts.gstatic.com\/s\/e\/notoemoji\/16.0\/2705\/32.png\" alt=\"\u2705\" data-emoji=\"\u2705\" aria-label=\"\u2705\" \/>50% de desconto<\/strong>\u00a0sobre o valor bruto das mensalidades em todos os cursos de gradua\u00e7\u00e3o e p\u00f3s-gradua\u00e7\u00e3o (EAD ou semipresencial);<br \/>\n<strong><img decoding=\"async\" class=\"an1\" draggable=\"false\" src=\"https:\/\/fonts.gstatic.com\/s\/e\/notoemoji\/16.0\/2705\/32.png\" alt=\"\u2705\" data-emoji=\"\u2705\" aria-label=\"\u2705\" \/>Isen\u00e7\u00e3o total da taxa de matr\u00edcula<\/strong>;<br \/>\n<strong><img decoding=\"async\" class=\"an1\" draggable=\"false\" src=\"https:\/\/fonts.gstatic.com\/s\/e\/notoemoji\/16.0\/2705\/32.png\" alt=\"\u2705\" data-emoji=\"\u2705\" aria-label=\"\u2705\" \/>Car\u00eancia para o primeiro pagamento<\/strong>\u00a0\u2013 a primeira mensalidade ser\u00e1 cobrada apenas no segundo m\u00eas ap\u00f3s a matr\u00edcula;<br \/>\n<strong><img decoding=\"async\" class=\"an1\" draggable=\"false\" src=\"https:\/\/fonts.gstatic.com\/s\/e\/notoemoji\/16.0\/2705\/32.png\" alt=\"\u2705\" data-emoji=\"\u2705\" aria-label=\"\u2705\" \/>Suporte acad\u00eamico dedicado<\/strong>, garantindo acompanhamento durante toda a jornada de estudos.<\/p>\n<p>As aulas s\u00e3o oferecidas nos polos da UniFECAF localizados em:<br \/>\n<strong><img decoding=\"async\" class=\"an1\" draggable=\"false\" src=\"https:\/\/fonts.gstatic.com\/s\/e\/notoemoji\/16.0\/1f4cd\/32.png\" alt=\"\" data-emoji=\"\" aria-label=\"\" \/>Centro \u2013 Rio de Janeiro<\/strong>: Av. Rio Branco, 25 \u2013 20\u00ba andar<br \/>\n<strong><img decoding=\"async\" class=\"an1\" draggable=\"false\" src=\"https:\/\/fonts.gstatic.com\/s\/e\/notoemoji\/16.0\/1f4cd\/32.png\" alt=\"\" data-emoji=\"\" aria-label=\"\" \/>Nova Igua\u00e7u \u2013 Baixada Fluminense<\/strong>: Av. Nilo Pe\u00e7anha, 545 \u2013 2\u00ba andar<\/p>\n<p>&nbsp;<\/p>\n","protected":false},"excerpt":{"rendered":"<p>Condi\u00e7\u00f5es exclusivas nos cursos de gradua\u00e7\u00e3o e p\u00f3s-gradua\u00e7\u00e3o do Centro Universit\u00e1rio UniFECAF. 50% de desconto\u00a0sobre o valor bruto das mensalidades em todos os cursos de&#8230;<\/p>\n","protected":false},"author":1527,"featured_media":0,"comment_status":"closed","ping_status":"closed","sticky":false,"template":"","format":"standard","meta":{"footnotes":""},"categories":[11,42],"tags":[],"class_list":["post-61476","post","type-post","status-publish","format-standard","hentry","category-convenios","category-faculdades"],"_links":{"self":[{"href":"https:\/\/www.sincomam.org.br\/index.php\/wp-json\/wp\/v2\/posts\/61476","targetHints":{"allow":["GET"]}}],"collection":[{"href":"https:\/\/www.sincomam.org.br\/index.php\/wp-json\/wp\/v2\/posts"}],"about":[{"href":"https:\/\/www.sincomam.org.br\/index.php\/wp-json\/wp\/v2\/types\/post"}],"author":[{"embeddable":true,"href":"https:\/\/www.sincomam.org.br\/index.php\/wp-json\/wp\/v2\/users\/1527"}],"replies":[{"embeddable":true,"href":"https:\/\/www.sincomam.org.br\/index.php\/wp-json\/wp\/v2\/comments?post=61476"}],"version-history":[{"count":1,"href":"https:\/\/www.sincomam.org.br\/index.php\/wp-json\/wp\/v2\/posts\/61476\/revisions"}],"predecessor-version":[{"id":61477,"href":"https:\/\/www.sincomam.org.br\/index.php\/wp-json\/wp\/v2\/posts\/61476\/revisions\/61477"}],"wp:attachment":[{"href":"https:\/\/www.sincomam.org.br\/index.php\/wp-json\/wp\/v2\/media?parent=61476"}],"wp:term":[{"taxonomy":"category","embeddable":true,"href":"https:\/\/www.sincomam.org.br\/index.php\/wp-json\/wp\/v2\/categories?post=61476"},{"taxonomy":"post_tag","embeddable":true,"href":"https:\/\/www.sincomam.org.br\/index.php\/wp-json\/wp\/v2\/tags?post=61476"}],"curies":[{"name":"wp","href":"https:\/\/api.w.org\/{rel}","templated":true}]}}