{"id":61457,"date":"2025-09-29T11:34:29","date_gmt":"2025-09-29T14:34:29","guid":{"rendered":"https:\/\/www.sincomam.org.br\/?p=61457"},"modified":"2025-09-29T11:34:29","modified_gmt":"2025-09-29T14:34:29","slug":"documentario-destaca-a-importancia-da-amazonia-azul-para-o-pais","status":"publish","type":"post","link":"https:\/\/www.sincomam.org.br\/index.php\/documentario-destaca-a-importancia-da-amazonia-azul-para-o-pais\/","title":{"rendered":"Document\u00e1rio destaca a import\u00e2ncia da Amaz\u00f4nia Azul para o Pa\u00eds"},"content":{"rendered":"<p>Um ter\u00e7o da popula\u00e7\u00e3o brasileira n\u00e3o conhece o mar. Por se sentirem geograficamente distantes do oceano, muitas dessas 70 milh\u00f5es de pessoas ainda n\u00e3o compreendem plenamente que suas vidas dependem, direta ou indiretamente, dos mais de 5,7 milh\u00f5es de km\u00b2 de \u00e1guas que comp\u00f5em a chamada Amaz\u00f4nia Azul \u2013 \u00e1rea sob jurisdi\u00e7\u00e3o do Estado brasileiro, protegida diuturnamente pela Marinha do Brasil (MB).<\/p>\n<p>Com o objetivo de conscientizar o pr\u00f3prio brasileiro sobre o que \u00e9 a Amaz\u00f4nia Azul, seus limites geogr\u00e1ficos, sua import\u00e2ncia e impacto para a economia nacional, bem como demonstrar a necessidade de preservar e valorizar tamanha riqueza, a Produtora Brasileira de Arte e Cultura lan\u00e7ou um document\u00e1rio de m\u00e9dia-metragem, dispon\u00edvel nas plataformas de <a href=\"https:\/\/globoplay.globo.com\/amazonia-azul\/t\/t2zxbY2MLq\/\">streaming Globoplay (Globo)<\/a> e <a href=\"https:\/\/www.primevideo.com\/-\/pt\/detail\/0JNMT5P9HM3LTOLBAGLVD9QTZC\/ref=atv_sr_fle_c_Tn74RA_1_1_1?sr=1-1&#038;pageTypeIdSource=ASIN&#038;pageTypeId=B0F5NKRBY5&#038;qid=1758565326201\">Prime Video (Amazon)<\/a>.<\/p>\n<p>Ao longo de 52 minutos, com riqueza de imagens e de entrevistas, o diretor Luciano Oreggia apresenta a Zona Econ\u00f4mica Exclusiva brasileira com uma \u00e1rea de elevado valor estrat\u00e9gico e com vasto potencial de explora\u00e7\u00e3o, aos olhos de v\u00e1rios entrevistados, entre eles, uma ge\u00f3loga que trabalha embarcada na Bacia de Campos (RJ), um Oficial da MB e um bi\u00f3logo que atua no Arquip\u00e9lago de S\u00e3o Pedro e S\u00e3o Paulo (PE).<\/p>\n<p>Um dos entrevistados, o Vice-Almirante Marco Ant\u00f4nio Linhares Soares, atual Diretor de Hidrografia e Navega\u00e7\u00e3o da Marinha \u2013 e, \u00e0 \u00e9poca, Secret\u00e1rio da Comiss\u00e3o Interministerial para os Recursos do Mar (CIRM) \u2013, lembrou, no document\u00e1rio, que o termo Amaz\u00f4nia Azul foi cunhado pelo ent\u00e3o Almirante de Esquadra Roberto de Guimar\u00e3es Carvalho, quando exercia o cargo de Comandante da Marinha, em 2004.<\/p>\n<p>Naquele ano, \u00edamos submeter na ONU o pleito brasileiro da extens\u00e3o da plataforma continental, ou seja, o \u2018assoalho submarino\u2019 que pertenceria somente ao Brasil. E era um tema muito importante porque, na verdade, era a nova fronteira a Leste que est\u00e1vamos desenhando. O assunto estava com pouco conhecimento da sociedade como um todo, ent\u00e3o trouxemos essa imensid\u00e3o atl\u00e2ntica para as discuss\u00f5es da sociedade, das pessoas, para tornar p\u00fablico a n\u00f3s, brasileiros, que aquele mar era t\u00e3o importante quanto a Amaz\u00f4nia verde\u201d, pontuou.<\/p>\n<p>Hoje, esse potencial, que traduzido em n\u00fameros expressivos, reflete a significativa participa\u00e7\u00e3o brasileira. S\u00e3o quase 160 mil Km\u00b2 de mar territorial, em uma Zona Econ\u00f4mica Exclusiva de mais de 3,4 milh\u00f5es de km\u00b2. A essa \u00e1rea soma-se a Plataforma Continental estendida \u2013 faixa do fundo oce\u00e2nico al\u00e9m das 200 milhas n\u00e1uticas \u2013, com 2,1 milh\u00f5es de Km\u00b2. Dessa forma, o conjunto dessas regi\u00f5es configura um ativo nacional chamado Amaz\u00f4nia Azul, totalizando 5,7 milh\u00f5es de km\u00b2, onde s\u00e3o produzidos mais de 97% do petr\u00f3leo nacional, 85% do g\u00e1s natural e trafegam 95% do com\u00e9rcio exterior.<\/p>\n<p>Cultura oce\u00e2nicaO Diretor do Centro de Comunica\u00e7\u00e3o Estrat\u00e9gica da Marinha (CCEM), Contra-Almirante Alexandre Taumaturgo Pavoni, reconheceu a import\u00e2ncia da iniciativa:<\/p>\n<p>O Almirante ressaltou, ainda, que o crescente interesse da ind\u00fastria cinematogr\u00e1fica, das ag\u00eancias de fomento e das plataformas de streaming em produzir, financiar e exibir conte\u00fados sobre o Atl\u00e2ntico brasileiro \u00e9 igualmente relevante. Para ele, esse movimento representa uma demonstra\u00e7\u00e3o concreta de que a mensagem de soberania sobre as \u00e1guas jurisdicionais vem alcan\u00e7ando a sociedade de maneira efetiva.<\/p>\n<p>Fonte: Ag\u00eancia Marinha de Not\u00edcias<\/p>\n","protected":false},"excerpt":{"rendered":"<p>Um ter\u00e7o da popula\u00e7\u00e3o brasileira n\u00e3o conhece o mar. Por se sentirem geograficamente distantes do oceano, muitas dessas 70 milh\u00f5es de pessoas ainda n\u00e3o compreendem&#8230;<\/p>\n","protected":false},"author":1527,"featured_media":61458,"comment_status":"closed","ping_status":"closed","sticky":false,"template":"","format":"standard","meta":{"footnotes":""},"categories":[6],"tags":[],"class_list":["post-61457","post","type-post","status-publish","format-standard","has-post-thumbnail","hentry","category-noticias"],"_links":{"self":[{"href":"https:\/\/www.sincomam.org.br\/index.php\/wp-json\/wp\/v2\/posts\/61457","targetHints":{"allow":["GET"]}}],"collection":[{"href":"https:\/\/www.sincomam.org.br\/index.php\/wp-json\/wp\/v2\/posts"}],"about":[{"href":"https:\/\/www.sincomam.org.br\/index.php\/wp-json\/wp\/v2\/types\/post"}],"author":[{"embeddable":true,"href":"https:\/\/www.sincomam.org.br\/index.php\/wp-json\/wp\/v2\/users\/1527"}],"replies":[{"embeddable":true,"href":"https:\/\/www.sincomam.org.br\/index.php\/wp-json\/wp\/v2\/comments?post=61457"}],"version-history":[{"count":1,"href":"https:\/\/www.sincomam.org.br\/index.php\/wp-json\/wp\/v2\/posts\/61457\/revisions"}],"predecessor-version":[{"id":61459,"href":"https:\/\/www.sincomam.org.br\/index.php\/wp-json\/wp\/v2\/posts\/61457\/revisions\/61459"}],"wp:featuredmedia":[{"embeddable":true,"href":"https:\/\/www.sincomam.org.br\/index.php\/wp-json\/wp\/v2\/media\/61458"}],"wp:attachment":[{"href":"https:\/\/www.sincomam.org.br\/index.php\/wp-json\/wp\/v2\/media?parent=61457"}],"wp:term":[{"taxonomy":"category","embeddable":true,"href":"https:\/\/www.sincomam.org.br\/index.php\/wp-json\/wp\/v2\/categories?post=61457"},{"taxonomy":"post_tag","embeddable":true,"href":"https:\/\/www.sincomam.org.br\/index.php\/wp-json\/wp\/v2\/tags?post=61457"}],"curies":[{"name":"wp","href":"https:\/\/api.w.org\/{rel}","templated":true}]}}