{"id":61438,"date":"2025-09-26T12:44:52","date_gmt":"2025-09-26T15:44:52","guid":{"rendered":"https:\/\/www.sincomam.org.br\/?p=61438"},"modified":"2025-09-26T12:44:52","modified_gmt":"2025-09-26T15:44:52","slug":"sede-da-antaq-se-ilumina-de-azul-para-celebrar-o-dia-maritimo-mundial","status":"publish","type":"post","link":"https:\/\/www.sincomam.org.br\/index.php\/sede-da-antaq-se-ilumina-de-azul-para-celebrar-o-dia-maritimo-mundial\/","title":{"rendered":"Sede da ANTAQ se ilumina de azul para celebrar o Dia Mar\u00edtimo Mundial"},"content":{"rendered":"<p>O Edif\u00edcio Sede da Ag\u00eancia Nacional de Transportes Aquavi\u00e1rios (ANTAQ) estar\u00e1 iluminado de azul na noite desta quinta-feira (25) em comemora\u00e7\u00e3o do Dia Mar\u00edtimo Mundial. Essa data foi institu\u00edda em 1978 pela Organiza\u00e7\u00e3o Mar\u00edtima Internacional (IMO).<\/p>\n<p>Neste ano, o tema do Dia Mar\u00edtimo Mundial \u00e9 &#8220;Nosso Oceano, Nossa Obriga\u00e7\u00e3o, Nossa Oportunidade&#8221;. A comemora\u00e7\u00e3o conta com o apoio de 176 pa\u00edses-membros da IMO, bem como v\u00e1rias organiza\u00e7\u00f5es intergovernamentais com as quais a IMO coopera em quest\u00f5es de interesse m\u00fatuo.<\/p>\n<p>Este dia internacional destaca a import\u00e2ncia da seguran\u00e7a e prote\u00e7\u00e3o da navega\u00e7\u00e3o mar\u00edtima, o impacto das ind\u00fastrias mar\u00edtimas no com\u00e9rcio global e a preserva\u00e7\u00e3o do meio ambiente marinho.<\/p>\n<p>De acordo com as Na\u00e7\u00f5es Unidas, mais de 80% do com\u00e9rcio global \u00e9 realizado por meio do transporte mar\u00edtimo internacional, conectando pessoas e comunidades em todo o mundo. Portanto, a seguran\u00e7a e efici\u00eancia desse setor s\u00e3o cruciais para promover um crescimento econ\u00f4mico sustent\u00e1vel.<\/p>\n<p>Fonte: Antaq<\/p>\n","protected":false},"excerpt":{"rendered":"<p>O Edif\u00edcio Sede da Ag\u00eancia Nacional de Transportes Aquavi\u00e1rios (ANTAQ) estar\u00e1 iluminado de azul na noite desta quinta-feira (25) em comemora\u00e7\u00e3o do Dia Mar\u00edtimo Mundial&#8230;.<\/p>\n","protected":false},"author":1527,"featured_media":61439,"comment_status":"closed","ping_status":"closed","sticky":false,"template":"","format":"standard","meta":{"footnotes":""},"categories":[6],"tags":[],"class_list":["post-61438","post","type-post","status-publish","format-standard","has-post-thumbnail","hentry","category-noticias"],"_links":{"self":[{"href":"https:\/\/www.sincomam.org.br\/index.php\/wp-json\/wp\/v2\/posts\/61438","targetHints":{"allow":["GET"]}}],"collection":[{"href":"https:\/\/www.sincomam.org.br\/index.php\/wp-json\/wp\/v2\/posts"}],"about":[{"href":"https:\/\/www.sincomam.org.br\/index.php\/wp-json\/wp\/v2\/types\/post"}],"author":[{"embeddable":true,"href":"https:\/\/www.sincomam.org.br\/index.php\/wp-json\/wp\/v2\/users\/1527"}],"replies":[{"embeddable":true,"href":"https:\/\/www.sincomam.org.br\/index.php\/wp-json\/wp\/v2\/comments?post=61438"}],"version-history":[{"count":1,"href":"https:\/\/www.sincomam.org.br\/index.php\/wp-json\/wp\/v2\/posts\/61438\/revisions"}],"predecessor-version":[{"id":61440,"href":"https:\/\/www.sincomam.org.br\/index.php\/wp-json\/wp\/v2\/posts\/61438\/revisions\/61440"}],"wp:featuredmedia":[{"embeddable":true,"href":"https:\/\/www.sincomam.org.br\/index.php\/wp-json\/wp\/v2\/media\/61439"}],"wp:attachment":[{"href":"https:\/\/www.sincomam.org.br\/index.php\/wp-json\/wp\/v2\/media?parent=61438"}],"wp:term":[{"taxonomy":"category","embeddable":true,"href":"https:\/\/www.sincomam.org.br\/index.php\/wp-json\/wp\/v2\/categories?post=61438"},{"taxonomy":"post_tag","embeddable":true,"href":"https:\/\/www.sincomam.org.br\/index.php\/wp-json\/wp\/v2\/tags?post=61438"}],"curies":[{"name":"wp","href":"https:\/\/api.w.org\/{rel}","templated":true}]}}