{"id":61405,"date":"2025-09-25T13:23:17","date_gmt":"2025-09-25T16:23:17","guid":{"rendered":"https:\/\/www.sincomam.org.br\/?p=61405"},"modified":"2025-09-25T13:23:17","modified_gmt":"2025-09-25T16:23:17","slug":"marinho-defende-mobilizacao-popular-como-pressao-contra-escala-6-por-1","status":"publish","type":"post","link":"https:\/\/www.sincomam.org.br\/index.php\/marinho-defende-mobilizacao-popular-como-pressao-contra-escala-6-por-1\/","title":{"rendered":"Marinho defende mobiliza\u00e7\u00e3o popular como press\u00e3o contra escala 6 por 1"},"content":{"rendered":"<p>O ministro do Trabalho e Emprego, Luiz Marinho, voltou a defender, nesta quinta-feira (25), o fim da escala 6 por 1, durante entrevista ao programa Bom Dia, Ministro, produzido pelo Canal Gov. Na ocasi\u00e3o, Marinho destacou que a press\u00e3o do povo, por meio de manifesta\u00e7\u00f5es, a exemplo do que aconteceu com a Proposta de Emenda \u00e0 Constitui\u00e7\u00e3o (PEC) da Blindagem, cujo arquivamento s\u00f3 foi poss\u00edvel gra\u00e7as \u00e0 mobiliza\u00e7\u00e3o popular. <\/p>\n<p>Para o ministro, esse tipo de a\u00e7\u00e3o ser\u00e1 fundamental para acabar com aquela que, segundo ele, \u00e9 \u201ca mais cruel das escalas\u201d, na qual o trabalhador tem direito a apenas um dia de descanso semanal. Fran\u00e7a, Alemanha, Dinamarca, B\u00e9lgica, Holanda, Isl\u00e2ndia s\u00e3o alguns dos pa\u00edses que implementaram ou est\u00e3o implementando jornadas menores do que a de 6 por 1 ou de 44 horas semanais.<\/p>\n<p>Marinho sugeriu aos eleitores acompanharem posicionamento dos atuais parlamentares, no Congresso Nacional, sobre o tema, para saber \u201cquem merece ter seu mandato renovado e quem merece ser substitu\u00eddo\u201d, nas pr\u00f3ximas elei\u00e7\u00f5es.<\/p>\n<p><strong>Mais cruel<\/strong><br \/>\n\u201cA escala 6 por 1 \u00e9, de fato, a mais cruel que existe, especialmente para as mulheres. Ent\u00e3o o momento \u00e9 de renovar\u201d, disse o ministro ao lembrar que v\u00e1rios pa\u00edses j\u00e1 extinguiram esse tipo de jornada de trabalho.<\/p>\n<p>\u201cO governo brasileiro torce para um final feliz em rela\u00e7\u00e3o \u00e0 redu\u00e7\u00e3o da jornada m\u00e1xima do Brasil, hoje de 44 horas semanais, para 40 horas semanais sem preju\u00edzo para a economia. Essa jornada \u00e9 especialmente cruel para as mulheres e para a nossa juventude, que vem recha\u00e7ando esse sistema de jornada, cobrando do empresariado e das autoridades brasileiras uma adequa\u00e7\u00e3o\u201d, acrescentou<\/p>\n<p>A proposta de altera\u00e7\u00e3o da escala 6 por 1 est\u00e1 tramitando no Congresso Nacional que, segundo ele, costuma ter outras prioridades, n\u00e3o necessariamente em favor dos trabalhadores.<\/p>\n<p><strong>Manifesta\u00e7\u00f5es<\/strong><br \/>\nLuiz Marinho disse torcer para que mobiliza\u00e7\u00f5es e manifesta\u00e7\u00f5es como as contr\u00e1rias \u00e0 anistia e \u00e0 blindagem de parlamentares continuem.<\/p>\n<p>\u201c\u00c9 importante manter a mobiliza\u00e7\u00e3o porque, se deixar o parlamento brasileiro livre, leve e solto, s\u00f3 vem preju\u00edzo para classe trabalhadora. Ele [o Congresso Nacional] s\u00f3 vai dar jeito com muita press\u00e3o, como foi o caso, agora, em que a PEC da Blindagem foi enterrada\u201d.<\/p>\n<p>\u201cSe amenizar, esse perfil do Congresso que temos n\u00e3o atender\u00e1 a essa reivindica\u00e7\u00e3o. No que depender do governo, [os trabalhadores] ter\u00e3o nosso apoio para acabar com a jornada 6 por 1\u201d, completou.<\/p>\n<p>Fonte: Ag\u00eancia Brasil<\/p>\n","protected":false},"excerpt":{"rendered":"<p>O ministro do Trabalho e Emprego, Luiz Marinho, voltou a defender, nesta quinta-feira (25), o fim da escala 6 por 1, durante entrevista ao programa&#8230;<\/p>\n","protected":false},"author":1527,"featured_media":61406,"comment_status":"closed","ping_status":"closed","sticky":false,"template":"","format":"standard","meta":{"footnotes":""},"categories":[6],"tags":[],"class_list":["post-61405","post","type-post","status-publish","format-standard","has-post-thumbnail","hentry","category-noticias"],"_links":{"self":[{"href":"https:\/\/www.sincomam.org.br\/index.php\/wp-json\/wp\/v2\/posts\/61405","targetHints":{"allow":["GET"]}}],"collection":[{"href":"https:\/\/www.sincomam.org.br\/index.php\/wp-json\/wp\/v2\/posts"}],"about":[{"href":"https:\/\/www.sincomam.org.br\/index.php\/wp-json\/wp\/v2\/types\/post"}],"author":[{"embeddable":true,"href":"https:\/\/www.sincomam.org.br\/index.php\/wp-json\/wp\/v2\/users\/1527"}],"replies":[{"embeddable":true,"href":"https:\/\/www.sincomam.org.br\/index.php\/wp-json\/wp\/v2\/comments?post=61405"}],"version-history":[{"count":1,"href":"https:\/\/www.sincomam.org.br\/index.php\/wp-json\/wp\/v2\/posts\/61405\/revisions"}],"predecessor-version":[{"id":61407,"href":"https:\/\/www.sincomam.org.br\/index.php\/wp-json\/wp\/v2\/posts\/61405\/revisions\/61407"}],"wp:featuredmedia":[{"embeddable":true,"href":"https:\/\/www.sincomam.org.br\/index.php\/wp-json\/wp\/v2\/media\/61406"}],"wp:attachment":[{"href":"https:\/\/www.sincomam.org.br\/index.php\/wp-json\/wp\/v2\/media?parent=61405"}],"wp:term":[{"taxonomy":"category","embeddable":true,"href":"https:\/\/www.sincomam.org.br\/index.php\/wp-json\/wp\/v2\/categories?post=61405"},{"taxonomy":"post_tag","embeddable":true,"href":"https:\/\/www.sincomam.org.br\/index.php\/wp-json\/wp\/v2\/tags?post=61405"}],"curies":[{"name":"wp","href":"https:\/\/api.w.org\/{rel}","templated":true}]}}