{"id":61389,"date":"2025-09-24T12:54:49","date_gmt":"2025-09-24T15:54:49","guid":{"rendered":"https:\/\/www.sincomam.org.br\/?p=61389"},"modified":"2025-09-24T12:54:55","modified_gmt":"2025-09-24T15:54:55","slug":"pl-que-isenta-ir-ate-r-5-mil-sera-votado-na-quarta-1o-de-outubro","status":"publish","type":"post","link":"https:\/\/www.sincomam.org.br\/index.php\/pl-que-isenta-ir-ate-r-5-mil-sera-votado-na-quarta-1o-de-outubro\/","title":{"rendered":"PL que isenta IR at\u00e9 R$ 5 mil ser\u00e1 votado na quarta, 1\u00ba de outubro"},"content":{"rendered":"<p>O presidente da C\u00e2mara dos Deputados, Hugo Motta (Republicanos-PB), disse nesta ter\u00e7a-feira (23) que o projeto do governo federal que isenta quem ganha at\u00e9 R$ 5 mil do Imposto de Renda (IR) ser\u00e1 votado na quarta-feira da pr\u00f3xima semana (1\u00ba). O relator, Arthur Lira (PP-AL), apresentou nesta ter\u00e7a-feira o seu parecer durante reuni\u00e3o do col\u00e9gio de l\u00edderes.<\/p>\n<p>&#8220;A C\u00e2mara dos Deputados votar\u00e1 na quarta-feira (1\/10) o projeto de isen\u00e7\u00e3o do imposto de renda (PL 1.087\/25), sob relatoria do deputado Arthur Lira. O parlamentar apresentou hoje seu relat\u00f3rio ao Col\u00e9gio de L\u00edderes. Vamos avan\u00e7ar com equil\u00edbrio e di\u00e1logo, trabalhando em pautas importantes para o Brasil&#8221;, disse Motta em uma rede social.<\/p>\n<p>Mais cedo, Motta j\u00e1 havia sinalizado a possibilidade de pautar a proposta na pr\u00f3xima semana. \u201cVamos ter reuni\u00e3o de l\u00edderes onde o relator da mat\u00e9ria, Arthur Lira, ir\u00e1 apresentar seu relat\u00f3rio no col\u00e9gio de l\u00edderes e, ap\u00f3s essa apresenta\u00e7\u00e3o, devemos j\u00e1 tra\u00e7ar um cronograma de vota\u00e7\u00e3o, para que a C\u00e2mara possa trazer o seu posicionamento sobre esse tema t\u00e3o importante para a sociedade brasileira\u201d, disse.<\/p>\n<p>O texto votado na comiss\u00e3o especial que analisou o tema, em agosto, manteve em 10% a al\u00edquota extra m\u00e1xima a ser cobrada das pessoas que ganham a partir de R$ 1,2 milh\u00e3o por ano. <\/p>\n<p>No projeto, o governo federal prop\u00f5e que a cobran\u00e7a de al\u00edquota extra sobre os mais ricos vai compensar o al\u00edvio de imposto sobre os mais pobres. As al\u00edquotas adicionais progressivas afetar\u00e3o quem ganha mais de R$ 600 mil por ano, atingindo o patamar m\u00e1ximo de 10% para quem ganha mais de R$ 1,2 milh\u00e3o.<\/p>\n<p>Al\u00e9m de confirmar essa al\u00edquota extra, o relator elevou, de R$ 7 mil para R$ 7,35 mil por m\u00eas, a faixa de renda a ser beneficiada com redu\u00e7\u00e3o parcial do IR.<\/p>\n<p>O projeto de lei estende a isen\u00e7\u00e3o de IR para quem ganha at\u00e9 R$ 5 mil mensais e, na vers\u00e3o original, previa redu\u00e7\u00e3o da cobran\u00e7a para quem ganhasse at\u00e9 R$ 7 mil.<\/p>\n<p>Em agosto, a C\u00e2mara aprovou tramita\u00e7\u00e3o em regime de urg\u00eancia para a proposta. Com isso, o texto entrar\u00e1 na pauta do plen\u00e1rio da Casa. <\/p>\n<p>Fonte: Ag\u00eancia Brasil<\/p>\n","protected":false},"excerpt":{"rendered":"<p>O presidente da C\u00e2mara dos Deputados, Hugo Motta (Republicanos-PB), disse nesta ter\u00e7a-feira (23) que o projeto do governo federal que isenta quem ganha at\u00e9 R$&#8230;<\/p>\n","protected":false},"author":1527,"featured_media":61390,"comment_status":"closed","ping_status":"closed","sticky":false,"template":"","format":"standard","meta":{"footnotes":""},"categories":[6],"tags":[],"class_list":["post-61389","post","type-post","status-publish","format-standard","has-post-thumbnail","hentry","category-noticias"],"_links":{"self":[{"href":"https:\/\/www.sincomam.org.br\/index.php\/wp-json\/wp\/v2\/posts\/61389","targetHints":{"allow":["GET"]}}],"collection":[{"href":"https:\/\/www.sincomam.org.br\/index.php\/wp-json\/wp\/v2\/posts"}],"about":[{"href":"https:\/\/www.sincomam.org.br\/index.php\/wp-json\/wp\/v2\/types\/post"}],"author":[{"embeddable":true,"href":"https:\/\/www.sincomam.org.br\/index.php\/wp-json\/wp\/v2\/users\/1527"}],"replies":[{"embeddable":true,"href":"https:\/\/www.sincomam.org.br\/index.php\/wp-json\/wp\/v2\/comments?post=61389"}],"version-history":[{"count":1,"href":"https:\/\/www.sincomam.org.br\/index.php\/wp-json\/wp\/v2\/posts\/61389\/revisions"}],"predecessor-version":[{"id":61391,"href":"https:\/\/www.sincomam.org.br\/index.php\/wp-json\/wp\/v2\/posts\/61389\/revisions\/61391"}],"wp:featuredmedia":[{"embeddable":true,"href":"https:\/\/www.sincomam.org.br\/index.php\/wp-json\/wp\/v2\/media\/61390"}],"wp:attachment":[{"href":"https:\/\/www.sincomam.org.br\/index.php\/wp-json\/wp\/v2\/media?parent=61389"}],"wp:term":[{"taxonomy":"category","embeddable":true,"href":"https:\/\/www.sincomam.org.br\/index.php\/wp-json\/wp\/v2\/categories?post=61389"},{"taxonomy":"post_tag","embeddable":true,"href":"https:\/\/www.sincomam.org.br\/index.php\/wp-json\/wp\/v2\/tags?post=61389"}],"curies":[{"name":"wp","href":"https:\/\/api.w.org\/{rel}","templated":true}]}}