{"id":61383,"date":"2025-09-24T11:52:55","date_gmt":"2025-09-24T14:52:55","guid":{"rendered":"https:\/\/www.sincomam.org.br\/?p=61383"},"modified":"2025-09-24T11:52:55","modified_gmt":"2025-09-24T14:52:55","slug":"petrobras-adia-pela-quarta-vez-licitacao-de-seis-navios-de-acomodacao","status":"publish","type":"post","link":"https:\/\/www.sincomam.org.br\/index.php\/petrobras-adia-pela-quarta-vez-licitacao-de-seis-navios-de-acomodacao\/","title":{"rendered":"Petrobras adia pela quarta vez licita\u00e7\u00e3o de seis navios de acomoda\u00e7\u00e3o"},"content":{"rendered":"<p>A Petrobras adiou a data de entrega de propostas na licita\u00e7\u00e3o do afretamento de at\u00e9 seis embarques de acomoda\u00e7\u00e3o e presta\u00e7\u00e3o de servi\u00e7os de hotelaria mar\u00edtima. Em vez nesta ter\u00e7a-feira (23\/9), como estava marcado inicialmente, a empresa vai abrir as propostas na pr\u00f3xima sexta-feira (26\/9). <\/p>\n<p>Essa \u00e9 a quarta vez que o prazo \u00e9 adiado. A data inicial de entrega de propostas foi no dia 23 de julho deste ano. <\/p>\n<p>A licita\u00e7\u00e3o chegou a ser reiniciada no dia 2 deste m\u00eas , ap\u00f3s a Petrobras alterar documentos de especifica\u00e7\u00f5es t\u00e9cnicas. Com isso, foi reiniciado o prazo de cota\u00e7\u00e3o, de 15 dias \u00fateis. Simultaneamente, a empresa continua respondendo aos questionamentos dos interessados \u200b\u200bno processo, que participam da sala de colabora\u00e7\u00e3o. <\/p>\n<p>A licita\u00e7\u00e3o das seis embarca\u00e7\u00f5es \u00e9 dividida em dois lotes. O primeiro, para a contrata\u00e7\u00e3o de at\u00e9 tr\u00eas embarca\u00e7\u00f5es, tem in\u00edcio de afretamento previsto para 1o. de junho do ano que vem, nas bacias de Santos, Campos e Esp\u00edrito Santo. <\/p>\n<p>O segundo lote envolve a contrata\u00e7\u00e3o de at\u00e9 seis embarca\u00e7\u00f5es, a partir de 1o. de setembro de 2026, tamb\u00e9m para as tr\u00eas bacias, mas tr\u00eas unidades apenas ser\u00e3o contratadas se o lance do primeiro lote fracassar.<\/p>\n<p>Fonte: Revista Brasil Energia<\/p>\n","protected":false},"excerpt":{"rendered":"<p>A Petrobras adiou a data de entrega de propostas na licita\u00e7\u00e3o do afretamento de at\u00e9 seis embarques de acomoda\u00e7\u00e3o e presta\u00e7\u00e3o de servi\u00e7os de hotelaria&#8230;<\/p>\n","protected":false},"author":1527,"featured_media":61384,"comment_status":"closed","ping_status":"closed","sticky":false,"template":"","format":"standard","meta":{"footnotes":""},"categories":[6],"tags":[],"class_list":["post-61383","post","type-post","status-publish","format-standard","has-post-thumbnail","hentry","category-noticias"],"_links":{"self":[{"href":"https:\/\/www.sincomam.org.br\/index.php\/wp-json\/wp\/v2\/posts\/61383","targetHints":{"allow":["GET"]}}],"collection":[{"href":"https:\/\/www.sincomam.org.br\/index.php\/wp-json\/wp\/v2\/posts"}],"about":[{"href":"https:\/\/www.sincomam.org.br\/index.php\/wp-json\/wp\/v2\/types\/post"}],"author":[{"embeddable":true,"href":"https:\/\/www.sincomam.org.br\/index.php\/wp-json\/wp\/v2\/users\/1527"}],"replies":[{"embeddable":true,"href":"https:\/\/www.sincomam.org.br\/index.php\/wp-json\/wp\/v2\/comments?post=61383"}],"version-history":[{"count":1,"href":"https:\/\/www.sincomam.org.br\/index.php\/wp-json\/wp\/v2\/posts\/61383\/revisions"}],"predecessor-version":[{"id":61385,"href":"https:\/\/www.sincomam.org.br\/index.php\/wp-json\/wp\/v2\/posts\/61383\/revisions\/61385"}],"wp:featuredmedia":[{"embeddable":true,"href":"https:\/\/www.sincomam.org.br\/index.php\/wp-json\/wp\/v2\/media\/61384"}],"wp:attachment":[{"href":"https:\/\/www.sincomam.org.br\/index.php\/wp-json\/wp\/v2\/media?parent=61383"}],"wp:term":[{"taxonomy":"category","embeddable":true,"href":"https:\/\/www.sincomam.org.br\/index.php\/wp-json\/wp\/v2\/categories?post=61383"},{"taxonomy":"post_tag","embeddable":true,"href":"https:\/\/www.sincomam.org.br\/index.php\/wp-json\/wp\/v2\/tags?post=61383"}],"curies":[{"name":"wp","href":"https:\/\/api.w.org\/{rel}","templated":true}]}}