{"id":6138,"date":"2014-06-17T08:27:17","date_gmt":"2014-06-17T11:27:17","guid":{"rendered":"http:\/\/www.sincomam.org.br\/?p=6138"},"modified":"2014-06-16T12:32:47","modified_gmt":"2014-06-16T15:32:47","slug":"marinha-nao-definiu-onde-instalar-equipamento-de-defesa-aerea-no-maracana","status":"publish","type":"post","link":"https:\/\/www.sincomam.org.br\/index.php\/marinha-nao-definiu-onde-instalar-equipamento-de-defesa-aerea-no-maracana\/","title":{"rendered":"Marinha n\u00e3o definiu onde instalar equipamento de defesa a\u00e9rea no Maracan\u00e3"},"content":{"rendered":"<p>A instala\u00e7\u00e3o de equipamentos no alto de um edif\u00edcio, no entorno do Est\u00e1dio do Maracan\u00e3, na zona norte da cidade, faz parte do monitoramento do espa\u00e7o a\u00e9reo do Rio de Janeiro durante a Copa do Mundo. A informa\u00e7\u00e3o \u00e9 do Centro de Coordena\u00e7\u00e3o de Defesa de \u00c1rea (CCDA), subordinado \u00e0s For\u00e7as Armadas. No entanto, o oficial de comunica\u00e7\u00e3o social do CCDA, major do Ex\u00e9rcito, Marco Ferreira, disse que a Marinha ainda n\u00e3o definiu o local para o posicionamento do dispositivo.<\/p>\n<p>O oficial negou que o equipamento da Marinha seja uma bateria de m\u00edsseis antia\u00e9reos, conforme noticiado. Segundo ele, a base a ser instalada faz parte das medidas de seguran\u00e7a dos eixos de atua\u00e7\u00e3o de controle e defesa do espa\u00e7o a\u00e9reo.<\/p>\n<p>O Maracan\u00e3 vai sediar sete jogos da Copa do Mundo, incluindo a final, no dia 13 de julho. O monitoramento do espa\u00e7o a\u00e9reo inclui o Aeroporto Santos Dumont, que ficar\u00e1 fechado para pouso nos dias de jogos, quando as aeronaves ser\u00e3o desviadas para o Aeroporto Internacional Tom Jobim\/Gale\u00e3o. As decolagens ser\u00e3o permitidas, desde que na dire\u00e7\u00e3o contr\u00e1ria ao Maracan\u00e3.<\/p>\n<p>O CCDA j\u00e1 atuou durante a Copa das Confedera\u00e7\u00f5es, na Jornada Mundial da Juventude e na Confer\u00eancia da ONU sobre Desenvolvimento Sustent\u00e1vel Rio+20.<\/p>\n<p>Fonte: Ag\u00eancia Brasil \/ Foto: ilustrativa<\/p>\n","protected":false},"excerpt":{"rendered":"<p>A instala\u00e7\u00e3o de equipamentos no alto de um edif\u00edcio, no entorno do Est\u00e1dio do Maracan\u00e3, na zona norte da cidade, faz parte do monitoramento do&#8230;<\/p>\n","protected":false},"author":1182,"featured_media":4794,"comment_status":"closed","ping_status":"closed","sticky":false,"template":"","format":"standard","meta":{"footnotes":""},"categories":[6],"tags":[],"class_list":["post-6138","post","type-post","status-publish","format-standard","has-post-thumbnail","hentry","category-noticias"],"_links":{"self":[{"href":"https:\/\/www.sincomam.org.br\/index.php\/wp-json\/wp\/v2\/posts\/6138","targetHints":{"allow":["GET"]}}],"collection":[{"href":"https:\/\/www.sincomam.org.br\/index.php\/wp-json\/wp\/v2\/posts"}],"about":[{"href":"https:\/\/www.sincomam.org.br\/index.php\/wp-json\/wp\/v2\/types\/post"}],"author":[{"embeddable":true,"href":"https:\/\/www.sincomam.org.br\/index.php\/wp-json\/wp\/v2\/users\/1182"}],"replies":[{"embeddable":true,"href":"https:\/\/www.sincomam.org.br\/index.php\/wp-json\/wp\/v2\/comments?post=6138"}],"version-history":[{"count":1,"href":"https:\/\/www.sincomam.org.br\/index.php\/wp-json\/wp\/v2\/posts\/6138\/revisions"}],"predecessor-version":[{"id":6139,"href":"https:\/\/www.sincomam.org.br\/index.php\/wp-json\/wp\/v2\/posts\/6138\/revisions\/6139"}],"wp:featuredmedia":[{"embeddable":true,"href":"https:\/\/www.sincomam.org.br\/index.php\/wp-json\/wp\/v2\/media\/4794"}],"wp:attachment":[{"href":"https:\/\/www.sincomam.org.br\/index.php\/wp-json\/wp\/v2\/media?parent=6138"}],"wp:term":[{"taxonomy":"category","embeddable":true,"href":"https:\/\/www.sincomam.org.br\/index.php\/wp-json\/wp\/v2\/categories?post=6138"},{"taxonomy":"post_tag","embeddable":true,"href":"https:\/\/www.sincomam.org.br\/index.php\/wp-json\/wp\/v2\/tags?post=6138"}],"curies":[{"name":"wp","href":"https:\/\/api.w.org\/{rel}","templated":true}]}}