{"id":61368,"date":"2025-09-23T12:11:22","date_gmt":"2025-09-23T15:11:22","guid":{"rendered":"https:\/\/www.sincomam.org.br\/?p=61368"},"modified":"2025-09-23T12:11:22","modified_gmt":"2025-09-23T15:11:22","slug":"haddad-isencao-do-ir-ate-r-5-mil-deve-ser-sancionada-em-outubro","status":"publish","type":"post","link":"https:\/\/www.sincomam.org.br\/index.php\/haddad-isencao-do-ir-ate-r-5-mil-deve-ser-sancionada-em-outubro\/","title":{"rendered":"Haddad: isen\u00e7\u00e3o do IR at\u00e9 R$ 5 mil deve ser sancionada em outubro"},"content":{"rendered":"<p>O ministro da Fazenda, Fernando Haddad, disse esperar que a nova faixa de isen\u00e7\u00e3o do Imposto de Renda (IR) para quem ganha at\u00e9 R$ 5 mil mensais seja sancionada at\u00e9 outubro pelo presidente Luiz In\u00e1cio Lula da Silva.<\/p>\n<p>Em entrevista ao portal ICL Not\u00edcias, nesta ter\u00e7a-feira (23), o ministro disse que o combate \u00e0 desigualdade social \u00e9 fator primordial para o desenvolvimento do Brasil, o que refor\u00e7a o posicionamento do governo federal em favor da amplia\u00e7\u00e3o da faixa de isen\u00e7\u00e3o.<\/p>\n<p>Se tudo der certo, disse o ministro, \u201c20 milh\u00f5es v\u00e3o deixar de pagar IR durante este mandato. J\u00e1 atualizamos a faixa de isen\u00e7\u00e3o por tr\u00eas vezes neste governo. Em um mandato, passamos de uma faixa de R$ 1,9 mil [de isen\u00e7\u00e3o] para R$ 5 mil. Nunca houve isso\u201d.<\/p>\n<p>Na avalia\u00e7\u00e3o de Haddad, a reforma do Imposto de Renda \u00e9 a primeira real tentativa do Estado brasileiro para mexer no tema da desigualdade. \u201cAl\u00e9m disso, a renda teve um aumento, em 3 anos, de 18% acima da infla\u00e7\u00e3o. N\u00e3o sou eu quem est\u00e1 dizendo. S\u00e3o dados do IBGE. \u00c9 o maior aumento de renda desde o Plano Real.\u201d<\/p>\n<p>\u201cUma coisa \u00e9 combater a mis\u00e9ria, e o presidente Lula est\u00e1 fazendo isso pela segunda vez, ao tirar o Brasil do mapa da fome. Agora, o tema da desigualdade, raramente foi tocado. Estamos entre os piores dez pa\u00edses em termos de distribui\u00e7\u00e3o de renda.\u201d<\/p>\n<p>O ministro destacou que, atualmente, o pa\u00eds ainda tem mais de R$ 600 bilh\u00f5es em ren\u00fancias fiscais. \u201cNa minha opini\u00e3o, esse \u00e9 o maior esc\u00e2ndalo. N\u00f3s conseguimos reverter R$ 100 bilh\u00f5es e foi essa cr\u00edtica toda ao governo, uma ren\u00fancia que j\u00e1 estava batendo em R$ 700 ou R$ 800 bilh\u00f5es&#8221;. Ele disse que o objetivo do governo \u00e9 diminuir o imposto sobre o consumo ao cobrar mais imposto de renda dos ricos.<\/p>\n<p>\u201cO Congresso Nacional tem, agora, uma oportunidade muito importante, de colocar o Brasil na rota da justi\u00e7a social e do combate \u00e0 desigualdade. N\u00e3o podemos continuar sendo um dos dez piores pa\u00edses em termos de distribui\u00e7\u00e3o de renda. \u00c9 muito dif\u00edcil pensar em desenvolvimento com esse n\u00edvel de desigualdade\u201d, completou.<\/p>\n<p>Fonte: Ag\u00eancia Brasil<\/p>\n","protected":false},"excerpt":{"rendered":"<p>O ministro da Fazenda, Fernando Haddad, disse esperar que a nova faixa de isen\u00e7\u00e3o do Imposto de Renda (IR) para quem ganha at\u00e9 R$ 5&#8230;<\/p>\n","protected":false},"author":1527,"featured_media":61369,"comment_status":"closed","ping_status":"closed","sticky":false,"template":"","format":"standard","meta":{"footnotes":""},"categories":[6],"tags":[],"class_list":["post-61368","post","type-post","status-publish","format-standard","has-post-thumbnail","hentry","category-noticias"],"_links":{"self":[{"href":"https:\/\/www.sincomam.org.br\/index.php\/wp-json\/wp\/v2\/posts\/61368","targetHints":{"allow":["GET"]}}],"collection":[{"href":"https:\/\/www.sincomam.org.br\/index.php\/wp-json\/wp\/v2\/posts"}],"about":[{"href":"https:\/\/www.sincomam.org.br\/index.php\/wp-json\/wp\/v2\/types\/post"}],"author":[{"embeddable":true,"href":"https:\/\/www.sincomam.org.br\/index.php\/wp-json\/wp\/v2\/users\/1527"}],"replies":[{"embeddable":true,"href":"https:\/\/www.sincomam.org.br\/index.php\/wp-json\/wp\/v2\/comments?post=61368"}],"version-history":[{"count":1,"href":"https:\/\/www.sincomam.org.br\/index.php\/wp-json\/wp\/v2\/posts\/61368\/revisions"}],"predecessor-version":[{"id":61370,"href":"https:\/\/www.sincomam.org.br\/index.php\/wp-json\/wp\/v2\/posts\/61368\/revisions\/61370"}],"wp:featuredmedia":[{"embeddable":true,"href":"https:\/\/www.sincomam.org.br\/index.php\/wp-json\/wp\/v2\/media\/61369"}],"wp:attachment":[{"href":"https:\/\/www.sincomam.org.br\/index.php\/wp-json\/wp\/v2\/media?parent=61368"}],"wp:term":[{"taxonomy":"category","embeddable":true,"href":"https:\/\/www.sincomam.org.br\/index.php\/wp-json\/wp\/v2\/categories?post=61368"},{"taxonomy":"post_tag","embeddable":true,"href":"https:\/\/www.sincomam.org.br\/index.php\/wp-json\/wp\/v2\/tags?post=61368"}],"curies":[{"name":"wp","href":"https:\/\/api.w.org\/{rel}","templated":true}]}}