{"id":61362,"date":"2025-09-23T12:07:07","date_gmt":"2025-09-23T15:07:07","guid":{"rendered":"https:\/\/www.sincomam.org.br\/?p=61362"},"modified":"2025-09-23T12:07:07","modified_gmt":"2025-09-23T15:07:07","slug":"marinha-intensifica-monitoramento-da-navegacao-em-reservatorios-de-goias","status":"publish","type":"post","link":"https:\/\/www.sincomam.org.br\/index.php\/marinha-intensifica-monitoramento-da-navegacao-em-reservatorios-de-goias\/","title":{"rendered":"Marinha intensifica monitoramento da navega\u00e7\u00e3o em reservat\u00f3rios de Goi\u00e1s"},"content":{"rendered":"<p>Os rec\u00e9m-formados lagos das Pequenas Centrais Hidrel\u00e9tricas (PCHs) em Cristalina (GO) se tornaram novos pontos de aten\u00e7\u00e3o para a Marinha do Brasil. Para garantir seguran\u00e7a na pr\u00e1tica de esportes n\u00e1uticos e atividades de lazer, a Capitania Fluvial de Bras\u00edlia iniciou opera\u00e7\u00f5es a\u00e9reas com helic\u00f3ptero UH-12, mapeando \u00e1reas estrat\u00e9gicas para fiscaliza\u00e7\u00e3o.<\/p>\n<p>No dia 18 de setembro, o 1\u00ba Esquadr\u00e3o de Helic\u00f3pteros de Emprego Geral (EsqdHU-1) apoiou uma opera\u00e7\u00e3o de esclarecimento aeronaval sobre os reservat\u00f3rios das PCHs Gameleira e Tamboril, no rio S\u00e3o Bartolomeu. A a\u00e7\u00e3o teve como objetivo mapear as \u00e1reas alagadas e identificar pontos estrat\u00e9gicos para o desembarque de equipes de Inspe\u00e7\u00e3o Naval.<\/p>\n<p>Segundo informa\u00e7\u00f5es dos empreendimentos, cada reservat\u00f3rio ocupa aproximadamente 5 km\u00b2, com volume de cerca de 21 milh\u00f5es de m\u00b3 de \u00e1gua, ampliando significativamente a \u00e1rea de atua\u00e7\u00e3o da Capitania Fluvial de Bras\u00edlia. Para compara\u00e7\u00e3o, o Lago Parano\u00e1, em Bras\u00edlia, tem 48 km\u00b2 e cerca de 460 milh\u00f5es de m\u00b3.<\/p>\n<p>\u201cAs imagens s\u00e3o importantes para sabermos a extens\u00e3o da \u00e1rea. A partir delas, constatamos que h\u00e1 grande potencial para esportes e recrea\u00e7\u00e3o, ampliando os pontos de aten\u00e7\u00e3o da Capitania\u201d, explicou o Capit\u00e3o dos Portos de Bras\u00edlia, Capit\u00e3o de Fragata Wanderson Morais Ramos.<\/p>\n<p><strong>Impacto para a popula\u00e7\u00e3o e lazer<\/strong><br \/>\nOs novos corpos d\u2019\u00e1gua j\u00e1 despertam interesse da popula\u00e7\u00e3o local e de turistas, especialmente para a pr\u00e1tica de esportes n\u00e1uticos como jet ski, canoagem e vela, al\u00e9m de atividades de pesca e lazer. Esse aumento de circula\u00e7\u00e3o exige que a Marinha adote a\u00e7\u00f5es preventivas para evitar acidentes e garantir a seguran\u00e7a dos usu\u00e1rios.<\/p>\n<p>A fiscaliza\u00e7\u00e3o prevista para ocorrer ainda este ano busca orientar comunidades ribeirinhas, propriet\u00e1rios de embarca\u00e7\u00f5es e frequentadores ocasionais. \u201c\u00c9 fundamental que todos compreendam a import\u00e2ncia das normas de navega\u00e7\u00e3o para preservar vidas e o meio ambiente\u201d, destacou o Comando da CFB.<\/p>\n<p>Assim, a presen\u00e7a da Marinha refor\u00e7a n\u00e3o apenas a seguran\u00e7a da navega\u00e7\u00e3o, mas tamb\u00e9m o elo de confian\u00e7a com a sociedade, que passa a contar com maior prote\u00e7\u00e3o em \u00e1reas rec\u00e9m-abertas ao uso p\u00fablico.<\/p>\n<p><strong>Estrat\u00e9gia e papel da Marinha<\/strong><br \/>\nA a\u00e7\u00e3o representa um avan\u00e7o no monitoramento das vias naveg\u00e1veis brasileiras, ao integrar meios a\u00e9reos e fluviais em um mesmo esfor\u00e7o de fiscaliza\u00e7\u00e3o. O uso do UH-12 Esquilo, aeronave em opera\u00e7\u00e3o na Marinha desde 1979, demonstra a versatilidade da Avia\u00e7\u00e3o Naval em miss\u00f5es de reconhecimento visual, transporte, busca e resgate e combate a inc\u00eandios.<\/p>\n<p>Para o Comandante do EsqdHU-1, Capit\u00e3o de Fragata Ricardo Carvajal Oliveira, que atua na Avia\u00e7\u00e3o Naval h\u00e1 quase tr\u00eas d\u00e9cadas, a aeronave \u00e9 s\u00edmbolo de confiabilidade e prontid\u00e3o. O lema do esquadr\u00e3o resume o esp\u00edrito da opera\u00e7\u00e3o: \u201cPreparado para tudo.\u201d<\/p>\n<p>A iniciativa refor\u00e7a o papel da Marinha de proteger os usos m\u00faltiplos das \u00e1guas interiores, garantindo a seguran\u00e7a, a ordem e a soberania em regi\u00f5es estrat\u00e9gicas para o desenvolvimento nacional.<\/p>\n<p>Fonte: Defesa em Foco<\/p>\n","protected":false},"excerpt":{"rendered":"<p>Os rec\u00e9m-formados lagos das Pequenas Centrais Hidrel\u00e9tricas (PCHs) em Cristalina (GO) se tornaram novos pontos de aten\u00e7\u00e3o para a Marinha do Brasil. Para garantir seguran\u00e7a&#8230;<\/p>\n","protected":false},"author":1527,"featured_media":61363,"comment_status":"closed","ping_status":"closed","sticky":false,"template":"","format":"standard","meta":{"footnotes":""},"categories":[6],"tags":[],"class_list":["post-61362","post","type-post","status-publish","format-standard","has-post-thumbnail","hentry","category-noticias"],"_links":{"self":[{"href":"https:\/\/www.sincomam.org.br\/index.php\/wp-json\/wp\/v2\/posts\/61362","targetHints":{"allow":["GET"]}}],"collection":[{"href":"https:\/\/www.sincomam.org.br\/index.php\/wp-json\/wp\/v2\/posts"}],"about":[{"href":"https:\/\/www.sincomam.org.br\/index.php\/wp-json\/wp\/v2\/types\/post"}],"author":[{"embeddable":true,"href":"https:\/\/www.sincomam.org.br\/index.php\/wp-json\/wp\/v2\/users\/1527"}],"replies":[{"embeddable":true,"href":"https:\/\/www.sincomam.org.br\/index.php\/wp-json\/wp\/v2\/comments?post=61362"}],"version-history":[{"count":1,"href":"https:\/\/www.sincomam.org.br\/index.php\/wp-json\/wp\/v2\/posts\/61362\/revisions"}],"predecessor-version":[{"id":61364,"href":"https:\/\/www.sincomam.org.br\/index.php\/wp-json\/wp\/v2\/posts\/61362\/revisions\/61364"}],"wp:featuredmedia":[{"embeddable":true,"href":"https:\/\/www.sincomam.org.br\/index.php\/wp-json\/wp\/v2\/media\/61363"}],"wp:attachment":[{"href":"https:\/\/www.sincomam.org.br\/index.php\/wp-json\/wp\/v2\/media?parent=61362"}],"wp:term":[{"taxonomy":"category","embeddable":true,"href":"https:\/\/www.sincomam.org.br\/index.php\/wp-json\/wp\/v2\/categories?post=61362"},{"taxonomy":"post_tag","embeddable":true,"href":"https:\/\/www.sincomam.org.br\/index.php\/wp-json\/wp\/v2\/tags?post=61362"}],"curies":[{"name":"wp","href":"https:\/\/api.w.org\/{rel}","templated":true}]}}