{"id":61343,"date":"2025-09-22T09:38:15","date_gmt":"2025-09-22T12:38:15","guid":{"rendered":"https:\/\/www.sincomam.org.br\/?p=61343"},"modified":"2025-09-22T09:38:15","modified_gmt":"2025-09-22T12:38:15","slug":"navio-da-esquadra-retoma-navegacao-fluvial-no-rio-amazonas-apos-15-anos","status":"publish","type":"post","link":"https:\/\/www.sincomam.org.br\/index.php\/navio-da-esquadra-retoma-navegacao-fluvial-no-rio-amazonas-apos-15-anos\/","title":{"rendered":"Navio da Esquadra retoma navega\u00e7\u00e3o fluvial no Rio Amazonas ap\u00f3s 15 anos"},"content":{"rendered":"<p>O Navio de Desembarque de Carros de Combate (NDCC) \u201cAlmirante Saboia\u201d atracou em Manaus (AM) na quinta-feira (18), intensificando a presen\u00e7a das For\u00e7as Armadas na Amaz\u00f4nia, regi\u00e3o de dif\u00edcil acesso e de import\u00e2ncia estrat\u00e9gica para o Brasil. O meio iniciou a navega\u00e7\u00e3o fluvial pelo Rio Amazonas no dia 13, marcando o retorno a essa rota ap\u00f3s 15 anos, per\u00edodo que coincide com a \u00faltima vez em que um navio subordinado ao Comando em Chefe da Esquadra navegou rumo \u00e0 capital amazonense.<\/p>\n<p>A presen\u00e7a do NDCC \u201cAlmirante Saboia\u201d no Amazonas integra a Opera\u00e7\u00e3o \u201cAtlas 2025\u201d, coordenada pelo Minist\u00e9rio da Defesa. Na ocasi\u00e3o, o meio realizou um deslocamento estrat\u00e9gico, transportando equipamentos e suprimentos importantes para a integra\u00e7\u00e3o das For\u00e7as Armadas e o fortalecimento das capacidades de Comando e Controle. Com 137,5 metros de comprimento, capacidade para at\u00e9 840 toneladas de carga e 440 militares embarcados, o navio conduziu tropas da Marinha, do Ex\u00e9rcito e da For\u00e7a A\u00e9rea, incluindo viaturas blindadas e equipamentos pesados, em um deslocamento in\u00e9dito no contexto do exerc\u00edcio.<\/p>\n<p>Antes de seguir viagem pelo rio Amazonas, entre os dias 8 e 11 de setembro, o navio esteve atracado em Bel\u00e9m (PA), em uma opera\u00e7\u00e3o de apoio \u00e0 prepara\u00e7\u00e3o da \u201cAtlas\u201d. Nesse per\u00edodo, foram realizados o abastecimento de \u00f3leo diesel mar\u00edtimo no Terminal Petroqu\u00edmico de Miramar e o desembarque de lanchas, g\u00eaneros frigor\u00edficos e insumos.<\/p>\n<p>A Opera\u00e7\u00e3o \u201cAtlas 2025\u201d \u00e9 o maior exerc\u00edcio militar conjunto do Pa\u00eds, reunindo Marinha, Ex\u00e9rcito e For\u00e7a A\u00e9rea em ambiente pr\u00e1tico de interoperabilidade. A prontid\u00e3o adquirida \u00e9 estrat\u00e9gica para o cen\u00e1rio interno e contribui para projetar internacionalmente o Brasil como Na\u00e7\u00e3o capaz de mobilizar for\u00e7as em larga escala. O treinamento na Amaz\u00f4nia demonstra a capacidade dissuas\u00f3ria, a soberania e a integra\u00e7\u00e3o das For\u00e7as Armadas, refor\u00e7ando a posi\u00e7\u00e3o do Pa\u00eds como refer\u00eancia no cen\u00e1rio regional de defesa.\u00a0<\/p>\n<p><strong>Visita\u00e7\u00e3o p\u00fablica<\/strong><br \/>\nA popula\u00e7\u00e3o de Manaus poder\u00e1 visitar o NDCC \u201cAlmirante Saboia\u201d nos dias 27 e 28 de setembro, das 10h \u00e0s 18h, no cais das Torres, do Roadway. A entrada ser\u00e1 gratuita.<\/p>\n<p>Fonte: Ag\u00eancia Marinha de Not\u00edcias<\/p>\n","protected":false},"excerpt":{"rendered":"<p>O Navio de Desembarque de Carros de Combate (NDCC) \u201cAlmirante Saboia\u201d atracou em Manaus (AM) na quinta-feira (18), intensificando a presen\u00e7a das For\u00e7as Armadas na&#8230;<\/p>\n","protected":false},"author":1527,"featured_media":61344,"comment_status":"closed","ping_status":"closed","sticky":false,"template":"","format":"standard","meta":{"footnotes":""},"categories":[6],"tags":[],"class_list":["post-61343","post","type-post","status-publish","format-standard","has-post-thumbnail","hentry","category-noticias"],"_links":{"self":[{"href":"https:\/\/www.sincomam.org.br\/index.php\/wp-json\/wp\/v2\/posts\/61343","targetHints":{"allow":["GET"]}}],"collection":[{"href":"https:\/\/www.sincomam.org.br\/index.php\/wp-json\/wp\/v2\/posts"}],"about":[{"href":"https:\/\/www.sincomam.org.br\/index.php\/wp-json\/wp\/v2\/types\/post"}],"author":[{"embeddable":true,"href":"https:\/\/www.sincomam.org.br\/index.php\/wp-json\/wp\/v2\/users\/1527"}],"replies":[{"embeddable":true,"href":"https:\/\/www.sincomam.org.br\/index.php\/wp-json\/wp\/v2\/comments?post=61343"}],"version-history":[{"count":1,"href":"https:\/\/www.sincomam.org.br\/index.php\/wp-json\/wp\/v2\/posts\/61343\/revisions"}],"predecessor-version":[{"id":61345,"href":"https:\/\/www.sincomam.org.br\/index.php\/wp-json\/wp\/v2\/posts\/61343\/revisions\/61345"}],"wp:featuredmedia":[{"embeddable":true,"href":"https:\/\/www.sincomam.org.br\/index.php\/wp-json\/wp\/v2\/media\/61344"}],"wp:attachment":[{"href":"https:\/\/www.sincomam.org.br\/index.php\/wp-json\/wp\/v2\/media?parent=61343"}],"wp:term":[{"taxonomy":"category","embeddable":true,"href":"https:\/\/www.sincomam.org.br\/index.php\/wp-json\/wp\/v2\/categories?post=61343"},{"taxonomy":"post_tag","embeddable":true,"href":"https:\/\/www.sincomam.org.br\/index.php\/wp-json\/wp\/v2\/tags?post=61343"}],"curies":[{"name":"wp","href":"https:\/\/api.w.org\/{rel}","templated":true}]}}