{"id":61318,"date":"2025-09-19T11:34:28","date_gmt":"2025-09-19T14:34:28","guid":{"rendered":"https:\/\/www.sincomam.org.br\/?p=61318"},"modified":"2025-09-19T11:34:50","modified_gmt":"2025-09-19T14:34:50","slug":"seminario-portos-costas-brasil-inicia-na-proxima-semana-em-itajai","status":"publish","type":"post","link":"https:\/\/www.sincomam.org.br\/index.php\/seminario-portos-costas-brasil-inicia-na-proxima-semana-em-itajai\/","title":{"rendered":"Semin\u00e1rio Portos &#038; Costas Brasil inicia na pr\u00f3xima semana em Itaja\u00ed"},"content":{"rendered":"<p>A cidade de Itaja\u00ed se prepara para receber, nos dias 22 e 23 de setembro, a 3\u00aa edi\u00e7\u00e3o do Portos &#038; Costas Brasil, um dos mais importantes congressos t\u00e9cnicos sobre infraestrutura portu\u00e1ria e costeira do pa\u00eds. O evento acontece no Riviera Convention Center, na Praia Brava, e reunir\u00e1 especialistas de renome nacional para discutir temas estrat\u00e9gicos como infraestrutura portu\u00e1ria, dragagem, navega\u00e7\u00e3o e hidrovias, engenharia e processos costeiros, meio ambiente, sustentabilidade, marinas e cruzeiros.<\/p>\n<p>Al\u00e9m dos pain\u00e9is, o congresso proporcionar\u00e1 aos participantes uma oportunidade diferenciada de networking, gera\u00e7\u00e3o de neg\u00f3cios e troca de conhecimentos. De car\u00e1ter bienal, o encontro j\u00e1 se consolidou como refer\u00eancia nacional no setor.<\/p>\n<p>Idealizador do evento, Mauricio Torronteguy, s\u00f3cio-diretor da MTCN, destaca a evolu\u00e7\u00e3o do congresso. \u201cO Portos &#038; Costas ganhou relev\u00e2ncia nas suas duas primeiras edi\u00e7\u00f5es e, neste ano, vamos buscar repetir essa performance com nomes de primeira grandeza\u201d, afirma.<\/p>\n<p>O evento conta com o patroc\u00ednio da TiL Group, um dos maiores operadores portu\u00e1rios do mundo, presente em 70 terminais distribu\u00eddos em 31 pa\u00edses. Tamb\u00e9m apoiam a edi\u00e7\u00e3o a SK Ambiental, HidroMares, Jan de Nul, Van Oord, Carioca Engenharia, Royal IHC, Graf Consulting e Wosniak Engenharia.<\/p>\n<p>O suporte institucional inclui entidades como Minist\u00e9rio de Portos e Aeroportos, Antaq, PIANC, ATP, Abtra, Abeph, Acatmar, CREA-SC, AOCEANO, Fiesc, al\u00e9m do Governo de Santa Catarina e da Secretaria de Turismo e Eventos de Itaja\u00ed, o que refor\u00e7a a abrang\u00eancia e a credibilidade da iniciativa.<\/p>\n<p>Tem\u00e1ticas em destaque<\/p>\n<p>A efici\u00eancia portu\u00e1ria, determinante para a competitividade no com\u00e9rcio exterior, estar\u00e1 no centro dos debates. O painel sobre infraestrutura ter\u00e1 nomes como Julio Cesar de Sousa Dias (Secretaria Nacional de Portos), Fabio Wosniak (Wosniak Engenharia), Gustavo Maschietto (Carioca Engenharia) e Osmari de Castilho Ribas (Portonave).<\/p>\n<p>O painel Navega\u00e7\u00e3o e Hidrovias, moderado por Eduardo Aoun Tannuri, discutir\u00e1 metodologias para comboios e empurradores, al\u00e9m de PPPs de travessias em S\u00e3o Paulo e os desafios da infraestrutura hidrovi\u00e1ria.<\/p>\n<p>J\u00e1 o painel Meio Ambiente e Sustentabilidade abordar\u00e1 dragagens com sedimentos contaminados, estrat\u00e9gias de descarboniza\u00e7\u00e3o e programas de conserva\u00e7\u00e3o de fauna costeira, com participa\u00e7\u00e3o de representantes do Minist\u00e9rio de Portos e Aeroportos, SK Ambiental, Vast Infraestrutura e NEMA.<\/p>\n<p>O eixo Engenharia e Processos Costeiros trar\u00e1 especialistas como Antonio H. F. Klein, Pedro Pereira (UFSC), Gabriel Paschoal (Hidromares), Mariana Grandezzi (Arcelor Mittal) e Guilherme Medeiros (Porto de S\u00e3o Francisco do Sul), com foco em tecnologia, sustentabilidade e aproveitamento de material dragado.<\/p>\n<p>A dragagem, fundamental para a navegabilidade, ser\u00e1 tema de outro painel, moderado por Michele de Lorena. Entre os participantes est\u00e3o Willian Fronza (Van Oord), John Verly (Royal IHC), Calebe Sangi Silva (VLI), al\u00e9m de Mauricio Gaspar Filho e Matheus Trocoli Novaes (Autoridade Portu\u00e1ria de Santos), que apresentar\u00e3o experi\u00eancias do maior porto da Am\u00e9rica Latina.<\/p>\n<p>Inscri\u00e7\u00f5es<\/p>\n<p>As inscri\u00e7\u00f5es s\u00e3o limitadas a 280 participantes e podem ser feitas em<a href=\"http:\/\/portosecostas.com.br\/inscricoes\"> portosecostas.com.br\/inscricoes<\/a>. A programa\u00e7\u00e3o completa tamb\u00e9m est\u00e1 dispon\u00edvel no site oficial.<\/p>\n<p>As inscri\u00e7\u00f5es s\u00e3o limitadas a 280 participantes e est\u00e3o abertas pelo link: portosecostas.com.br\/inscricoes. Informa\u00e7\u00f5es adicionais e a programa\u00e7\u00e3o completa est\u00e3o dispon\u00edveis no portal oficial do evento: portosecostas.com.br<\/p>\n<p>Fonte: Informativo dos Portos<\/p>\n","protected":false},"excerpt":{"rendered":"<p>A cidade de Itaja\u00ed se prepara para receber, nos dias 22 e 23 de setembro, a 3\u00aa edi\u00e7\u00e3o do Portos &#038; Costas Brasil, um dos&#8230;<\/p>\n","protected":false},"author":1527,"featured_media":61319,"comment_status":"closed","ping_status":"closed","sticky":false,"template":"","format":"standard","meta":{"footnotes":""},"categories":[6],"tags":[],"class_list":["post-61318","post","type-post","status-publish","format-standard","has-post-thumbnail","hentry","category-noticias"],"_links":{"self":[{"href":"https:\/\/www.sincomam.org.br\/index.php\/wp-json\/wp\/v2\/posts\/61318","targetHints":{"allow":["GET"]}}],"collection":[{"href":"https:\/\/www.sincomam.org.br\/index.php\/wp-json\/wp\/v2\/posts"}],"about":[{"href":"https:\/\/www.sincomam.org.br\/index.php\/wp-json\/wp\/v2\/types\/post"}],"author":[{"embeddable":true,"href":"https:\/\/www.sincomam.org.br\/index.php\/wp-json\/wp\/v2\/users\/1527"}],"replies":[{"embeddable":true,"href":"https:\/\/www.sincomam.org.br\/index.php\/wp-json\/wp\/v2\/comments?post=61318"}],"version-history":[{"count":2,"href":"https:\/\/www.sincomam.org.br\/index.php\/wp-json\/wp\/v2\/posts\/61318\/revisions"}],"predecessor-version":[{"id":61321,"href":"https:\/\/www.sincomam.org.br\/index.php\/wp-json\/wp\/v2\/posts\/61318\/revisions\/61321"}],"wp:featuredmedia":[{"embeddable":true,"href":"https:\/\/www.sincomam.org.br\/index.php\/wp-json\/wp\/v2\/media\/61319"}],"wp:attachment":[{"href":"https:\/\/www.sincomam.org.br\/index.php\/wp-json\/wp\/v2\/media?parent=61318"}],"wp:term":[{"taxonomy":"category","embeddable":true,"href":"https:\/\/www.sincomam.org.br\/index.php\/wp-json\/wp\/v2\/categories?post=61318"},{"taxonomy":"post_tag","embeddable":true,"href":"https:\/\/www.sincomam.org.br\/index.php\/wp-json\/wp\/v2\/tags?post=61318"}],"curies":[{"name":"wp","href":"https:\/\/api.w.org\/{rel}","templated":true}]}}