{"id":61294,"date":"2025-09-18T12:58:10","date_gmt":"2025-09-18T15:58:10","guid":{"rendered":"https:\/\/www.sincomam.org.br\/?p=61294"},"modified":"2025-09-18T12:58:10","modified_gmt":"2025-09-18T15:58:10","slug":"seenemar-e-uerj-firmam-parceria-historica-para-capacitar-nova-geracao-da-economia-azul","status":"publish","type":"post","link":"https:\/\/www.sincomam.org.br\/index.php\/seenemar-e-uerj-firmam-parceria-historica-para-capacitar-nova-geracao-da-economia-azul\/","title":{"rendered":"SEENEMAR e UERJ firmam parceria hist\u00f3rica para capacitar nova gera\u00e7\u00e3o da Economia Azul"},"content":{"rendered":"<p>Em um dia hist\u00f3rico para o setor mar\u00edtimo e energ\u00e9tico, a Secretaria da Economia do Mar (SEENEMAR) e a Faculdade de Oceanografia da UERJ assinaram um Memorando de Entendimento que promete ampliar a forma\u00e7\u00e3o e a capacita\u00e7\u00e3o profissional no Rio de Janeiro. O acordo, firmado com a presen\u00e7a da Marinha do Brasil e de autoridades acad\u00eamicas, fortalece a Economia Azul e abre novas oportunidades para estudantes e trabalhadores do mar.<\/p>\n<p>Detalhes do Memorando e \u00e1reas de coopera\u00e7\u00e3o<br \/>\nO acordo entre SEENEMAR e UERJ prev\u00ea uma ampla agenda de atividades pr\u00e1ticas e acad\u00eamicas, com destaque para as visitas e palestras a bordo do Navio Professor Luiz Carlos, pertencente \u00e0 universidade. Estudantes ter\u00e3o acesso a experi\u00eancias reais em oceanografia, biologia marinha e marinharia, vivenciando o cotidiano da pesquisa aplicada ao setor mar\u00edtimo.<\/p>\n<p>Al\u00e9m disso, laborat\u00f3rios especializados e demonstra\u00e7\u00f5es de equipamentos modernos ser\u00e3o integrados \u00e0 coopera\u00e7\u00e3o, proporcionando aos alunos a oportunidade de aplicar conhecimentos cient\u00edficos em cen\u00e1rios pr\u00e1ticos. A parceria busca aproximar a academia das demandas reais do setor mar\u00edtimo, promovendo a forma\u00e7\u00e3o de profissionais mais preparados para os desafios da Economia Azul.<\/p>\n<p>Forma\u00e7\u00e3o de profissionais e impacto no mercado de trabalho<br \/>\nNo mesmo evento, mais 29 eletricistas de embarca\u00e7\u00e3o receberam certificados do programa Empregos Azuis \u2013 Um Mar de Oportunidades, consolidando a iniciativa como uma das principais ferramentas de empregabilidade para o setor naval e energ\u00e9tico no estado. Os formandos agora est\u00e3o habilitados para atuar em embarca\u00e7\u00f5es e empresas ligadas \u00e0 ind\u00fastria offshore e mar\u00edtima.<\/p>\n<p>Essa capacita\u00e7\u00e3o atende diretamente \u00e0 crescente demanda por m\u00e3o de obra qualificada, ao mesmo tempo em que oferece aos jovens e trabalhadores uma perspectiva concreta de inser\u00e7\u00e3o no mercado. Com cada turma formada, o programa refor\u00e7a sua miss\u00e3o de transformar o potencial econ\u00f4mico do mar em oportunidades reais para a popula\u00e7\u00e3o fluminense.<\/p>\n<p><strong>A import\u00e2ncia da Economia Azul para o Rio e para o Brasil<\/strong><br \/>\nA Economia Azul \u00e9 hoje um dos pilares do desenvolvimento sustent\u00e1vel, reunindo atividades como transporte mar\u00edtimo, energia offshore, pesca, biotecnologia marinha e turismo n\u00e1utico. O Rio de Janeiro, por sua posi\u00e7\u00e3o estrat\u00e9gica e tradi\u00e7\u00e3o naval, tem se consolidado como protagonista desse setor, atraindo investimentos e gerando empregos de alto valor agregado.<\/p>\n<p>A coopera\u00e7\u00e3o entre a SEENEMAR, a UERJ e a Marinha do Brasil refor\u00e7a a necessidade de alinhar educa\u00e7\u00e3o, defesa e desenvolvimento econ\u00f4mico. Ao investir na forma\u00e7\u00e3o de profissionais e no fortalecimento de parcerias acad\u00eamicas, o estado contribui para que o Brasil avance na constru\u00e7\u00e3o de uma economia sustent\u00e1vel, inovadora e alinhada aos desafios do s\u00e9culo XXI.<\/p>\n<p>Fonte: Defesa em Foco<\/p>\n","protected":false},"excerpt":{"rendered":"<p>Em um dia hist\u00f3rico para o setor mar\u00edtimo e energ\u00e9tico, a Secretaria da Economia do Mar (SEENEMAR) e a Faculdade de Oceanografia da UERJ assinaram&#8230;<\/p>\n","protected":false},"author":1527,"featured_media":61295,"comment_status":"closed","ping_status":"closed","sticky":false,"template":"","format":"standard","meta":{"footnotes":""},"categories":[6],"tags":[],"class_list":["post-61294","post","type-post","status-publish","format-standard","has-post-thumbnail","hentry","category-noticias"],"_links":{"self":[{"href":"https:\/\/www.sincomam.org.br\/index.php\/wp-json\/wp\/v2\/posts\/61294","targetHints":{"allow":["GET"]}}],"collection":[{"href":"https:\/\/www.sincomam.org.br\/index.php\/wp-json\/wp\/v2\/posts"}],"about":[{"href":"https:\/\/www.sincomam.org.br\/index.php\/wp-json\/wp\/v2\/types\/post"}],"author":[{"embeddable":true,"href":"https:\/\/www.sincomam.org.br\/index.php\/wp-json\/wp\/v2\/users\/1527"}],"replies":[{"embeddable":true,"href":"https:\/\/www.sincomam.org.br\/index.php\/wp-json\/wp\/v2\/comments?post=61294"}],"version-history":[{"count":1,"href":"https:\/\/www.sincomam.org.br\/index.php\/wp-json\/wp\/v2\/posts\/61294\/revisions"}],"predecessor-version":[{"id":61296,"href":"https:\/\/www.sincomam.org.br\/index.php\/wp-json\/wp\/v2\/posts\/61294\/revisions\/61296"}],"wp:featuredmedia":[{"embeddable":true,"href":"https:\/\/www.sincomam.org.br\/index.php\/wp-json\/wp\/v2\/media\/61295"}],"wp:attachment":[{"href":"https:\/\/www.sincomam.org.br\/index.php\/wp-json\/wp\/v2\/media?parent=61294"}],"wp:term":[{"taxonomy":"category","embeddable":true,"href":"https:\/\/www.sincomam.org.br\/index.php\/wp-json\/wp\/v2\/categories?post=61294"},{"taxonomy":"post_tag","embeddable":true,"href":"https:\/\/www.sincomam.org.br\/index.php\/wp-json\/wp\/v2\/tags?post=61294"}],"curies":[{"name":"wp","href":"https:\/\/api.w.org\/{rel}","templated":true}]}}