{"id":61285,"date":"2025-09-18T12:13:47","date_gmt":"2025-09-18T15:13:47","guid":{"rendered":"https:\/\/www.sincomam.org.br\/?p=61285"},"modified":"2025-09-18T12:13:47","modified_gmt":"2025-09-18T15:13:47","slug":"aps-assina-acordo-para-instalacao-de-novo-complexo-da-pf-no-porto-de-santos","status":"publish","type":"post","link":"https:\/\/www.sincomam.org.br\/index.php\/aps-assina-acordo-para-instalacao-de-novo-complexo-da-pf-no-porto-de-santos\/","title":{"rendered":"APS assina acordo para instala\u00e7\u00e3o de novo complexo da PF no Porto de Santos"},"content":{"rendered":"<p>O presidente da Autoridade Portu\u00e1ria de Santos (APS), Anderson Pomini, o ministro de Portos e Aeroportos, Silvio Costa Filho, e o diretor-geral da Pol\u00edcia Federal, Andrei Rodrigues, assinaram nesta ter\u00e7a-feira (16), em Bras\u00edlia, memorando de entendimento para instala\u00e7\u00e3o da nova sede da delegacia da Pol\u00edcia Federal no Porto de Santos. A institui\u00e7\u00e3o vai ocupar um pr\u00e9dio de 10 andares que j\u00e1 foi do Minist\u00e9rio da Pesca, em frente ao Centro de Conven\u00e7\u00f5es, na entrada do canal e dentro da poligonal do complexo portu\u00e1rio.<\/p>\n<p>O empreendimento vai receber investimentos de R$ 58 milh\u00f5es da APS, com participa\u00e7\u00e3o da Ferrovia Interna do Porto de Santos (FIPS). A nova unidade da Pol\u00edcia Federal abrigar\u00e1 unidades de pol\u00edcia judici\u00e1ria, administrativa e o N\u00facleo Especial de Pol\u00edcia Mar\u00edtima (Nepom).<\/p>\n<p>Costa Filho disse que a assinatura do memorando \u00e9 um marco no refor\u00e7o \u00e0 seguran\u00e7a e \u00e0 efici\u00eancia das opera\u00e7\u00f5es portu\u00e1rias e reafirma a import\u00e2ncia estrat\u00e9gica de Santos para o Brasil. \u201cNa medida em que o porto vai crescendo, em termos de volume de movimenta\u00e7\u00e3o, a gente vai precisar que a Pol\u00edcia Federal esteja mais presente\u201d, afirmou o ministri.<\/p>\n<p>O diretor-geral da PF tamb\u00e9m destacou a import\u00e2ncia do projeto para a Pol\u00edcia Federal e disse que a nova unidade aumentar\u00e1 a sensa\u00e7\u00e3o de seguran\u00e7a para todos que trabalham ou passam pelo porto. Segundo Rodrigues, com a sede no terminal ser\u00e3o aumentadas as condi\u00e7\u00f5es para combater o narcotr\u00e1fico em \u00e2mbito internacional e dar respostas mais \u00e1geis a incidentes e opera\u00e7\u00f5es em alto-mar, como o contrabando e outros crimes.<\/p>\n<p>Fonte: Portos e Navios<\/p>\n","protected":false},"excerpt":{"rendered":"<p>O presidente da Autoridade Portu\u00e1ria de Santos (APS), Anderson Pomini, o ministro de Portos e Aeroportos, Silvio Costa Filho, e o diretor-geral da Pol\u00edcia Federal,&#8230;<\/p>\n","protected":false},"author":1527,"featured_media":61286,"comment_status":"closed","ping_status":"closed","sticky":false,"template":"","format":"standard","meta":{"footnotes":""},"categories":[6],"tags":[],"class_list":["post-61285","post","type-post","status-publish","format-standard","has-post-thumbnail","hentry","category-noticias"],"_links":{"self":[{"href":"https:\/\/www.sincomam.org.br\/index.php\/wp-json\/wp\/v2\/posts\/61285","targetHints":{"allow":["GET"]}}],"collection":[{"href":"https:\/\/www.sincomam.org.br\/index.php\/wp-json\/wp\/v2\/posts"}],"about":[{"href":"https:\/\/www.sincomam.org.br\/index.php\/wp-json\/wp\/v2\/types\/post"}],"author":[{"embeddable":true,"href":"https:\/\/www.sincomam.org.br\/index.php\/wp-json\/wp\/v2\/users\/1527"}],"replies":[{"embeddable":true,"href":"https:\/\/www.sincomam.org.br\/index.php\/wp-json\/wp\/v2\/comments?post=61285"}],"version-history":[{"count":1,"href":"https:\/\/www.sincomam.org.br\/index.php\/wp-json\/wp\/v2\/posts\/61285\/revisions"}],"predecessor-version":[{"id":61287,"href":"https:\/\/www.sincomam.org.br\/index.php\/wp-json\/wp\/v2\/posts\/61285\/revisions\/61287"}],"wp:featuredmedia":[{"embeddable":true,"href":"https:\/\/www.sincomam.org.br\/index.php\/wp-json\/wp\/v2\/media\/61286"}],"wp:attachment":[{"href":"https:\/\/www.sincomam.org.br\/index.php\/wp-json\/wp\/v2\/media?parent=61285"}],"wp:term":[{"taxonomy":"category","embeddable":true,"href":"https:\/\/www.sincomam.org.br\/index.php\/wp-json\/wp\/v2\/categories?post=61285"},{"taxonomy":"post_tag","embeddable":true,"href":"https:\/\/www.sincomam.org.br\/index.php\/wp-json\/wp\/v2\/tags?post=61285"}],"curies":[{"name":"wp","href":"https:\/\/api.w.org\/{rel}","templated":true}]}}