{"id":61283,"date":"2025-09-17T13:08:12","date_gmt":"2025-09-17T16:08:12","guid":{"rendered":"https:\/\/www.sincomam.org.br\/?p=61283"},"modified":"2025-09-17T13:08:39","modified_gmt":"2025-09-17T16:08:39","slug":"governo-quer-reduzir-fila-do-inss-para-ate-45-dias","status":"publish","type":"post","link":"https:\/\/www.sincomam.org.br\/index.php\/governo-quer-reduzir-fila-do-inss-para-ate-45-dias\/","title":{"rendered":"Governo quer reduzir fila do INSS para at\u00e9 45 dias"},"content":{"rendered":"<p>O ministro da Previd\u00eancia Social, Wolney Queiroz, disse nesta ter\u00e7a-feira (16) que o Programa de Gerenciamento de Benef\u00edcios (PGB) j\u00e1 est\u00e1 em vigor e tem como meta reduzir a fila do Instituto Nacional do Seguro Social (INSS).<\/p>\n<p>A meta \u00e9 de que pedidos de aposentadoria, pens\u00f5es e aux\u00edlios sejam analisados em at\u00e9 45 dias. A medida foi anunciada em entrevista ao programa A Voz do Brasil.<\/p>\n<p>Segundo o ministro, a iniciativa consiste em mutir\u00f5es realizados por servidores fora do expediente normal, inclusive aos fins de semana, com remunera\u00e7\u00e3o adicional. O prazo de 45 dias foi estabelecido em acordo com o Tribunal de Contas da Uni\u00e3o (TCU).<\/p>\n<p>\u201c\u00c9 um plano de incentivo para diminuir a fila, atender melhor e mais gente. Precisamos fazer revis\u00e3o porque \u00e9 uma demanda do TCU, \u00e9 uma demanda legal fazer essas revis\u00f5es para ver quem continua tendo direito ao benef\u00edcio\u201d, disse Queiroz.<\/p>\n<p>\u201cLogicamente nem sempre a resposta \u00e9 positiva, \u00e0s vezes as pessoas n\u00e3o t\u00eam direito, mas que ele obtenha a resposta dentro desse prazo de 45 dias\u201d, complementou.<\/p>\n<p><strong>Repara\u00e7\u00e3o \u00e0s v\u00edtimas do Zika<\/strong><br \/>\nO ministro tamb\u00e9m falou sobre o pagamento de indeniza\u00e7\u00e3o de R$ 50 mil em parcela \u00fanica e pens\u00e3o mensal vital\u00edcia para crian\u00e7as com microcefalia causada pelo v\u00edrus Zika. No caso da pens\u00e3o, o valor \u00e9 limitado a R$ 8.157. A portaria j\u00e1 foi publicada e beneficia fam\u00edlias em todo o pa\u00eds.<\/p>\n<p>\u201cDinheiro nenhum vai reparar, mas pode dar uma qualidade de vida e uma condi\u00e7\u00e3o melhor para aquelas crian\u00e7as e para aquelas m\u00e3es que se dedicam quase 100% do tempo a manter aquelas crian\u00e7as vivas e bem\u201d, disse Queiroz.<\/p>\n<p>Segundo ele, o governo federal est\u00e1 articulado com prefeituras e estados para garantir laudos m\u00e9dicos necess\u00e1rios de acesso ao benef\u00edcio.<\/p>\n<p>Outro tema abordado na entrevista foi a devolu\u00e7\u00e3o de valores descontados indevidamente de aposentados e pensionistas. O ministro informou que mais de 2,3 milh\u00f5es de pessoas j\u00e1 foram ressarcidas, somando mais de R$ 1 bilh\u00e3o.<\/p>\n<p>\u201cEstamos fazendo essa propaganda para que os aposentados que t\u00eam direito fa\u00e7am a concord\u00e2ncia, atrav\u00e9s do aplicativo Meu INSS ou nas ag\u00eancias dos Correios. Mas cerca de 99% daqueles que t\u00eam direito j\u00e1 receberam\u201d, disse o ministro.<\/p>\n<p>Fonte: Ag\u00eancia Brasil<\/p>\n","protected":false},"excerpt":{"rendered":"<p>O ministro da Previd\u00eancia Social, Wolney Queiroz, disse nesta ter\u00e7a-feira (16) que o Programa de Gerenciamento de Benef\u00edcios (PGB) j\u00e1 est\u00e1 em vigor e tem&#8230;<\/p>\n","protected":false},"author":1527,"featured_media":48414,"comment_status":"closed","ping_status":"closed","sticky":false,"template":"","format":"standard","meta":{"footnotes":""},"categories":[6],"tags":[],"class_list":["post-61283","post","type-post","status-publish","format-standard","has-post-thumbnail","hentry","category-noticias"],"_links":{"self":[{"href":"https:\/\/www.sincomam.org.br\/index.php\/wp-json\/wp\/v2\/posts\/61283","targetHints":{"allow":["GET"]}}],"collection":[{"href":"https:\/\/www.sincomam.org.br\/index.php\/wp-json\/wp\/v2\/posts"}],"about":[{"href":"https:\/\/www.sincomam.org.br\/index.php\/wp-json\/wp\/v2\/types\/post"}],"author":[{"embeddable":true,"href":"https:\/\/www.sincomam.org.br\/index.php\/wp-json\/wp\/v2\/users\/1527"}],"replies":[{"embeddable":true,"href":"https:\/\/www.sincomam.org.br\/index.php\/wp-json\/wp\/v2\/comments?post=61283"}],"version-history":[{"count":1,"href":"https:\/\/www.sincomam.org.br\/index.php\/wp-json\/wp\/v2\/posts\/61283\/revisions"}],"predecessor-version":[{"id":61284,"href":"https:\/\/www.sincomam.org.br\/index.php\/wp-json\/wp\/v2\/posts\/61283\/revisions\/61284"}],"wp:featuredmedia":[{"embeddable":true,"href":"https:\/\/www.sincomam.org.br\/index.php\/wp-json\/wp\/v2\/media\/48414"}],"wp:attachment":[{"href":"https:\/\/www.sincomam.org.br\/index.php\/wp-json\/wp\/v2\/media?parent=61283"}],"wp:term":[{"taxonomy":"category","embeddable":true,"href":"https:\/\/www.sincomam.org.br\/index.php\/wp-json\/wp\/v2\/categories?post=61283"},{"taxonomy":"post_tag","embeddable":true,"href":"https:\/\/www.sincomam.org.br\/index.php\/wp-json\/wp\/v2\/tags?post=61283"}],"curies":[{"name":"wp","href":"https:\/\/api.w.org\/{rel}","templated":true}]}}