{"id":61274,"date":"2025-09-17T11:31:14","date_gmt":"2025-09-17T14:31:14","guid":{"rendered":"https:\/\/www.sincomam.org.br\/?p=61274"},"modified":"2025-09-17T11:31:14","modified_gmt":"2025-09-17T14:31:14","slug":"mpor-assina-termo-de-compromisso-para-pavimentacao-do-porto-de-santana","status":"publish","type":"post","link":"https:\/\/www.sincomam.org.br\/index.php\/mpor-assina-termo-de-compromisso-para-pavimentacao-do-porto-de-santana\/","title":{"rendered":"MPor assina termo de compromisso para pavimenta\u00e7\u00e3o do Porto de Santana"},"content":{"rendered":"<p>O ministro de portos e aeroportos, Silvio Costa Filho, assinou, na \u00faltima segunda-feira (15), em Bras\u00edlia, o termo de compromisso para repassar cerca de R$ 12 milh\u00f5es que ser\u00e3o usados na pavimenta\u00e7\u00e3o de 1,2 km de vias de acesso e da \u00e1rea interna do Porto de Santana, no Amap\u00e1. O terminal, na Foz do Rio Amazonas, na cidade de Santana, a 18 quil\u00f4metros da capital Macap\u00e1, \u00e9 o principal porto do estado e respons\u00e1vel pelo escoamento da produ\u00e7\u00e3o local, que chega pela Estrada de Ferro Amap\u00e1.<\/p>\n<p>Com dois p\u00ederes, de 200 e 150 metros de extens\u00e3o, com 21,6 metros de largura cada um e calado de at\u00e9 11,5 metros, o terminal \u00e9 usado para movimenta\u00e7\u00e3o de min\u00e9rio de ferro, madeira, soja, milho, mangan\u00eas, fertilizantes e alimentos. O porto \u00e9 administrado pela Companhia Docas de Santana (CDSA), vinculada \u00e0 Prefeitura Municipal de Santana.<\/p>\n<p>Costa Filho definiu o Porto de Santana como estrat\u00e9gico para a regi\u00e3o e disse que as obras de pavimenta\u00e7\u00e3o v\u00e3o oferecer condi\u00e7\u00f5es modernas e competitivas para melhorar o seu desempenho e impulsionar o setor produtivo amapaense. \u201cCom essa obra, vamos oferecer condi\u00e7\u00f5es para gerar empregos e garantir que o Amap\u00e1 ocupe seu lugar como polo de desenvolvimento regional\u201d, afirmou.<\/p>\n<p>Fonte: Portos e Navios<\/p>\n","protected":false},"excerpt":{"rendered":"<p>O ministro de portos e aeroportos, Silvio Costa Filho, assinou, na \u00faltima segunda-feira (15), em Bras\u00edlia, o termo de compromisso para repassar cerca de R$&#8230;<\/p>\n","protected":false},"author":1527,"featured_media":61275,"comment_status":"closed","ping_status":"closed","sticky":false,"template":"","format":"standard","meta":{"footnotes":""},"categories":[6],"tags":[],"class_list":["post-61274","post","type-post","status-publish","format-standard","has-post-thumbnail","hentry","category-noticias"],"_links":{"self":[{"href":"https:\/\/www.sincomam.org.br\/index.php\/wp-json\/wp\/v2\/posts\/61274","targetHints":{"allow":["GET"]}}],"collection":[{"href":"https:\/\/www.sincomam.org.br\/index.php\/wp-json\/wp\/v2\/posts"}],"about":[{"href":"https:\/\/www.sincomam.org.br\/index.php\/wp-json\/wp\/v2\/types\/post"}],"author":[{"embeddable":true,"href":"https:\/\/www.sincomam.org.br\/index.php\/wp-json\/wp\/v2\/users\/1527"}],"replies":[{"embeddable":true,"href":"https:\/\/www.sincomam.org.br\/index.php\/wp-json\/wp\/v2\/comments?post=61274"}],"version-history":[{"count":1,"href":"https:\/\/www.sincomam.org.br\/index.php\/wp-json\/wp\/v2\/posts\/61274\/revisions"}],"predecessor-version":[{"id":61276,"href":"https:\/\/www.sincomam.org.br\/index.php\/wp-json\/wp\/v2\/posts\/61274\/revisions\/61276"}],"wp:featuredmedia":[{"embeddable":true,"href":"https:\/\/www.sincomam.org.br\/index.php\/wp-json\/wp\/v2\/media\/61275"}],"wp:attachment":[{"href":"https:\/\/www.sincomam.org.br\/index.php\/wp-json\/wp\/v2\/media?parent=61274"}],"wp:term":[{"taxonomy":"category","embeddable":true,"href":"https:\/\/www.sincomam.org.br\/index.php\/wp-json\/wp\/v2\/categories?post=61274"},{"taxonomy":"post_tag","embeddable":true,"href":"https:\/\/www.sincomam.org.br\/index.php\/wp-json\/wp\/v2\/tags?post=61274"}],"curies":[{"name":"wp","href":"https:\/\/api.w.org\/{rel}","templated":true}]}}