{"id":61268,"date":"2025-09-17T11:28:00","date_gmt":"2025-09-17T14:28:00","guid":{"rendered":"https:\/\/www.sincomam.org.br\/?p=61268"},"modified":"2025-09-17T11:28:00","modified_gmt":"2025-09-17T14:28:00","slug":"porto-de-santos-registra-melhor-agosto-na-movimentacao-de-cargas-e-conteineres","status":"publish","type":"post","link":"https:\/\/www.sincomam.org.br\/index.php\/porto-de-santos-registra-melhor-agosto-na-movimentacao-de-cargas-e-conteineres\/","title":{"rendered":"Porto de Santos registra melhor agosto na movimenta\u00e7\u00e3o de cargas e cont\u00eaineres"},"content":{"rendered":"<p>O resumo mensal das movimenta\u00e7\u00f5es, feito pela Ger\u00eancia de Intelig\u00eancia e Estat\u00edstica da Autoridade Portu\u00e1ria de Santos (APS) e divulgado, nesta ter\u00e7a-feira (16), informa que o m\u00eas passado foi o melhor agosto em movimenta\u00e7\u00e3o de cargas registrada no complexo portu\u00e1rio paulista, com 16,5 milh\u00f5es de toneladas, considerados embarques e desembarques. O volume representou crescimento de 3,5% em rela\u00e7\u00e3o ao mesmo m\u00eas de 2024.<\/p>\n<p>Entradas e sa\u00eddas de cont\u00eaineres tamb\u00e9m bateram o recorde mensal, com aumento de 8,9% frente ao ano anterior e 518,1 mil de TEU (unidade padr\u00e3o de cont\u00eaineres). Segundo a APS, desde janeiro o Porto de Santos movimentou 3,8 milh\u00f5es de TEU, com alta de 8% ante o mesmo per\u00edodo de 2024.<\/p>\n<p>No m\u00eas, em compara\u00e7\u00e3o com agosto de 2024, houve crescimento de 55,8% na exporta\u00e7\u00e3o de celulose, de 27% na de soja, 20,8% na de sucos, 24,1% na de gasolina e de 15,3% na de \u00f3leo combust\u00edvel. O n\u00famero de navios que atracaram em Santos no m\u00eas cresceu 9,6% chegando a 489. Com esses resultados, a participa\u00e7\u00e3o do complexo paulista na corrente comercial brasileira chegou a 29,9%, superando os 28,5% registrados no mesmo m\u00eas de 2024.<\/p>\n<p>Houve, no entanto, em agosto queda de 5.79% na receita de exporta\u00e7\u00f5es do Porto de Santos para os Estados Unidos em rela\u00e7\u00e3o ao mesmo m\u00eas do ano anterior, de acordo com o sistema Comex, do Minist\u00e9rio de Desenvolvimento, Ind\u00fastria e Com\u00e9rcio (Mdic). A queda \u00e9 devido \u00e0 tarifa de importa\u00e7\u00e3o de 50% imposta pelo governo americano a produtos brasileiros. Mas o valor total das exporta\u00e7\u00f5es registrou incremento de 8,55% no per\u00edodo, sendo que os embarques para a China cresceram 63,25%.\u202f<\/p>\n<p>Fonte: Portos e Navios<\/p>\n","protected":false},"excerpt":{"rendered":"<p>O resumo mensal das movimenta\u00e7\u00f5es, feito pela Ger\u00eancia de Intelig\u00eancia e Estat\u00edstica da Autoridade Portu\u00e1ria de Santos (APS) e divulgado, nesta ter\u00e7a-feira (16), informa que&#8230;<\/p>\n","protected":false},"author":1527,"featured_media":61269,"comment_status":"closed","ping_status":"closed","sticky":false,"template":"","format":"standard","meta":{"footnotes":""},"categories":[6],"tags":[],"class_list":["post-61268","post","type-post","status-publish","format-standard","has-post-thumbnail","hentry","category-noticias"],"_links":{"self":[{"href":"https:\/\/www.sincomam.org.br\/index.php\/wp-json\/wp\/v2\/posts\/61268","targetHints":{"allow":["GET"]}}],"collection":[{"href":"https:\/\/www.sincomam.org.br\/index.php\/wp-json\/wp\/v2\/posts"}],"about":[{"href":"https:\/\/www.sincomam.org.br\/index.php\/wp-json\/wp\/v2\/types\/post"}],"author":[{"embeddable":true,"href":"https:\/\/www.sincomam.org.br\/index.php\/wp-json\/wp\/v2\/users\/1527"}],"replies":[{"embeddable":true,"href":"https:\/\/www.sincomam.org.br\/index.php\/wp-json\/wp\/v2\/comments?post=61268"}],"version-history":[{"count":1,"href":"https:\/\/www.sincomam.org.br\/index.php\/wp-json\/wp\/v2\/posts\/61268\/revisions"}],"predecessor-version":[{"id":61270,"href":"https:\/\/www.sincomam.org.br\/index.php\/wp-json\/wp\/v2\/posts\/61268\/revisions\/61270"}],"wp:featuredmedia":[{"embeddable":true,"href":"https:\/\/www.sincomam.org.br\/index.php\/wp-json\/wp\/v2\/media\/61269"}],"wp:attachment":[{"href":"https:\/\/www.sincomam.org.br\/index.php\/wp-json\/wp\/v2\/media?parent=61268"}],"wp:term":[{"taxonomy":"category","embeddable":true,"href":"https:\/\/www.sincomam.org.br\/index.php\/wp-json\/wp\/v2\/categories?post=61268"},{"taxonomy":"post_tag","embeddable":true,"href":"https:\/\/www.sincomam.org.br\/index.php\/wp-json\/wp\/v2\/tags?post=61268"}],"curies":[{"name":"wp","href":"https:\/\/api.w.org\/{rel}","templated":true}]}}