{"id":61261,"date":"2025-09-16T11:44:13","date_gmt":"2025-09-16T14:44:13","guid":{"rendered":"https:\/\/www.sincomam.org.br\/?p=61261"},"modified":"2025-09-16T11:44:13","modified_gmt":"2025-09-16T14:44:13","slug":"com-mercado-aquecido-538-descartam-perda-de-emprego","status":"publish","type":"post","link":"https:\/\/www.sincomam.org.br\/index.php\/com-mercado-aquecido-538-descartam-perda-de-emprego\/","title":{"rendered":"Com mercado aquecido, 53,8% descartam perda de emprego"},"content":{"rendered":"<p>Mais da metade (53,8%) dos trabalhadores n\u00e3o v\u00ea chance de perder o principal emprego ou fonte de renda nos pr\u00f3ximos seis meses. Uma pesquisa revela que para 42,3% dos entrevistados \u00e9 improv\u00e1vel ficar sem o trabalho, enquanto 11,5% afirmam ser muito improv\u00e1vel.<\/p>\n<p>Para 13,8%, a chance \u00e9 prov\u00e1vel, e apenas 2,8% consideram muito prov\u00e1vel. Pouco menos de um ter\u00e7o (29,7%) n\u00e3o soube responder.<\/p>\n<p>Os dados fazem parte da Sondagem do Mercado de Trabalho, realizada pelo Instituto Brasileiro de Economia (Ibre) da Funda\u00e7\u00e3o Getulio Vargas (FGV).<\/p>\n<p>O respons\u00e1vel pela sondagem, Rodolpho Tobler, explica que o baixo percentual de trabalhadores que afirmam ser prov\u00e1vel ou muito improv\u00e1vel perder o emprego ou fonte de renda \u00e9 reflexo do cen\u00e1rio de mercado de trabalho aquecido.<\/p>\n<p>No entanto, Tobler aponta que, com expectativa de desacelera\u00e7\u00e3o da economia brasileira e do mercado de trabalho, \u201c\u00e9 esperado que essa vari\u00e1vel n\u00e3o continue nesse patamar baixo por muito tempo\u201d, diz.<\/p>\n<p>N\u00edvel de emprego<br \/>\nOs n\u00fameros mais recentes do Instituto Brasileiro de Geografia e Estat\u00edstica (IBGE) sobre mercado de trabalho mostram que a taxa de desemprego do segundo trimestre ficou em 5,8%, a menor j\u00e1 registrada na s\u00e9rie hist\u00f3rica do instituto, iniciada em 2012. <\/p>\n<p>A pesquisa do IBGE revelou tamb\u00e9m n\u00edvel recorde no rendimento do trabalhador (R$ 3.477) e no contingente de empregados com carteira assinada (39 milh\u00f5es). Os dados do trimestre m\u00f3vel encerrado em julho ser\u00e3o conhecidos na pr\u00f3xima ter\u00e7a-feira (16).<\/p>\n<p>A desacelera\u00e7\u00e3o comentada por Tobler se refere a efeitos do juro alto, ferramenta do Banco Central para conter a infla\u00e7\u00e3o.<\/p>\n<p>A infla\u00e7\u00e3o oficial medida pelo \u00cdndice Nacional de Pre\u00e7os ao Consumidor Amplo (IPCA) do IBGE acumula 5,13% em 12 meses, acima do teto da meta do governo (4,5%). <\/p>\n<p>Atualmente, a taxa b\u00e1sica de juros da economia, a Selic, est\u00e1 em 15% ao ano, maior n\u00edvel desde julho de 2006 (15,25%).<\/p>\n<p>Uma face do juro alto \u00e9 o efeito contracionista, que combate a infla\u00e7\u00e3o. A eleva\u00e7\u00e3o da taxa faz com que empr\u00e9stimos fiquem mais caros \u2013 seja para pessoa f\u00edsica ou empresas \u2500 e desestimula investimentos, uma vez que pode valer mais a pena manter o dinheiro investido, rendendo juros altos, do que arriscar em atividades produtivas.<\/p>\n<p>Esse conjunto de efeitos freia a economia. Da\u00ed vem o reflexo negativo: menos atividade tende a ser sin\u00f4nimo de menos emprego e renda.<\/p>\n<p>Faixa de renda<br \/>\nA sondagem da FGV captou ainda que, quanto maior a faixa de renda, maior a seguran\u00e7a com a ocupa\u00e7\u00e3o:<\/p>\n<p>renda at\u00e9 um sal\u00e1rio m\u00ednimo: 32,6% acham improv\u00e1vel ou muito improv\u00e1vel perder o emprego<br \/>\nentre um e tr\u00eas sal\u00e1rios m\u00ednimos: 41,3%<br \/>\nacima de tr\u00eas sal\u00e1rios m\u00ednimos: 62,4%<br \/>\nOutros temas<br \/>\nA Sondagem do Mercado de Trabalho est\u00e1 apenas na terceira edi\u00e7\u00e3o mensal, o que impede fazer compara\u00e7\u00e3o dos dados com per\u00edodos mais longos, como no ano anterior.<\/p>\n<p>A pesquisa foi feita com uma amostra representativa da popula\u00e7\u00e3o com 2 mil pessoas. O levantamento aborda outros temas, como satisfa\u00e7\u00e3o com o trabalho e percep\u00e7\u00e3o de prote\u00e7\u00e3o social.<\/p>\n<p>A sondagem de agosto aponta que 59,7% se consideram satisfeitos com o trabalho; e 15,3%, muito satisfeitos. Para 8%, a resposta foi insatisfeito ou muito insatisfeito, enquanto 17% responderam neutros.<\/p>\n<p>Sobre prote\u00e7\u00e3o social, 33,5% disseram se sentir muito desprotegidos; enquanto 37,7% responderam parcialmente desprotegido; e 28,7%, protegidos.<\/p>\n<p>Fonte: Ag\u00eancia Brasil<\/p>\n","protected":false},"excerpt":{"rendered":"<p>Mais da metade (53,8%) dos trabalhadores n\u00e3o v\u00ea chance de perder o principal emprego ou fonte de renda nos pr\u00f3ximos seis meses. Uma pesquisa revela&#8230;<\/p>\n","protected":false},"author":1527,"featured_media":61262,"comment_status":"closed","ping_status":"closed","sticky":false,"template":"","format":"standard","meta":{"footnotes":""},"categories":[6],"tags":[],"class_list":["post-61261","post","type-post","status-publish","format-standard","has-post-thumbnail","hentry","category-noticias"],"_links":{"self":[{"href":"https:\/\/www.sincomam.org.br\/index.php\/wp-json\/wp\/v2\/posts\/61261","targetHints":{"allow":["GET"]}}],"collection":[{"href":"https:\/\/www.sincomam.org.br\/index.php\/wp-json\/wp\/v2\/posts"}],"about":[{"href":"https:\/\/www.sincomam.org.br\/index.php\/wp-json\/wp\/v2\/types\/post"}],"author":[{"embeddable":true,"href":"https:\/\/www.sincomam.org.br\/index.php\/wp-json\/wp\/v2\/users\/1527"}],"replies":[{"embeddable":true,"href":"https:\/\/www.sincomam.org.br\/index.php\/wp-json\/wp\/v2\/comments?post=61261"}],"version-history":[{"count":1,"href":"https:\/\/www.sincomam.org.br\/index.php\/wp-json\/wp\/v2\/posts\/61261\/revisions"}],"predecessor-version":[{"id":61263,"href":"https:\/\/www.sincomam.org.br\/index.php\/wp-json\/wp\/v2\/posts\/61261\/revisions\/61263"}],"wp:featuredmedia":[{"embeddable":true,"href":"https:\/\/www.sincomam.org.br\/index.php\/wp-json\/wp\/v2\/media\/61262"}],"wp:attachment":[{"href":"https:\/\/www.sincomam.org.br\/index.php\/wp-json\/wp\/v2\/media?parent=61261"}],"wp:term":[{"taxonomy":"category","embeddable":true,"href":"https:\/\/www.sincomam.org.br\/index.php\/wp-json\/wp\/v2\/categories?post=61261"},{"taxonomy":"post_tag","embeddable":true,"href":"https:\/\/www.sincomam.org.br\/index.php\/wp-json\/wp\/v2\/tags?post=61261"}],"curies":[{"name":"wp","href":"https:\/\/api.w.org\/{rel}","templated":true}]}}