{"id":61258,"date":"2025-09-16T11:43:00","date_gmt":"2025-09-16T14:43:00","guid":{"rendered":"https:\/\/www.sincomam.org.br\/?p=61258"},"modified":"2025-09-16T11:43:00","modified_gmt":"2025-09-16T14:43:00","slug":"portos-movimentam-em-julho-o-maior-volume-de-cargas-da-historia","status":"publish","type":"post","link":"https:\/\/www.sincomam.org.br\/index.php\/portos-movimentam-em-julho-o-maior-volume-de-cargas-da-historia\/","title":{"rendered":"Portos movimentam em julho o maior volume de cargas da hist\u00f3ria"},"content":{"rendered":"<p>Os portos brasileiros registraram, em julho, o maior volume mensal de cargas da hist\u00f3ria, com 124,7 milh\u00f5es de toneladas transportadas, sendo 73% de navega\u00e7\u00e3o de longa dist\u00e2ncia &#8211; exporta\u00e7\u00e3o e importa\u00e7\u00e3o &#8211; e 20% de cabotagem &#8211; entre portos brasileiros. <\/p>\n<p>Nos primeiros sete meses do ano, os portos atingiram 780,4 milh\u00f5es de toneladas de cargas, volume 1,76% maior do que o registrado no mesmo per\u00edodo de 2024.<\/p>\n<p>O ministro de Portos e Aeroportos, Silvio Costa Filho, reafirmou que o governo federal tem atuado com a finalidade de ampliar as concess\u00f5es e fortalecer a infraestrutura nacional. <\/p>\n<p>De acordo com S\u00edlvio Costa Filho, \u201ca amplia\u00e7\u00e3o da capacidade de nossos portos \u00e9 fundamental para a economia nacional\u201d.<\/p>\n<p>A principal carga transportada foi de gran\u00e9is s\u00f3lidos (minerais e vegetais), com mais de 76,6 milh\u00f5es de toneladas. Todos os tipos de carga tiveram aumento em julho, em rela\u00e7\u00e3o aos n\u00fameros registrados no mesmo m\u00eas em 2024.<\/p>\n<p>\u201cGran\u00e9is l\u00edquidos [especialmente combust\u00edveis] tiveram um aumento de 6%, enquanto a movimenta\u00e7\u00e3o de gran\u00e9is s\u00f3lidos aumentou quase 4%. O crescimento de carga em cont\u00eaineres foi de 3% no per\u00edodo e o volume de carga geral foi 0,9% superior ao registrado em julho do ano passado\u201d, informou o minist\u00e9rio.<\/p>\n<p>Fonte: Ag\u00eancia Brasil<\/p>\n","protected":false},"excerpt":{"rendered":"<p>Os portos brasileiros registraram, em julho, o maior volume mensal de cargas da hist\u00f3ria, com 124,7 milh\u00f5es de toneladas transportadas, sendo 73% de navega\u00e7\u00e3o de&#8230;<\/p>\n","protected":false},"author":1527,"featured_media":61259,"comment_status":"closed","ping_status":"closed","sticky":false,"template":"","format":"standard","meta":{"footnotes":""},"categories":[6],"tags":[],"class_list":["post-61258","post","type-post","status-publish","format-standard","has-post-thumbnail","hentry","category-noticias"],"_links":{"self":[{"href":"https:\/\/www.sincomam.org.br\/index.php\/wp-json\/wp\/v2\/posts\/61258","targetHints":{"allow":["GET"]}}],"collection":[{"href":"https:\/\/www.sincomam.org.br\/index.php\/wp-json\/wp\/v2\/posts"}],"about":[{"href":"https:\/\/www.sincomam.org.br\/index.php\/wp-json\/wp\/v2\/types\/post"}],"author":[{"embeddable":true,"href":"https:\/\/www.sincomam.org.br\/index.php\/wp-json\/wp\/v2\/users\/1527"}],"replies":[{"embeddable":true,"href":"https:\/\/www.sincomam.org.br\/index.php\/wp-json\/wp\/v2\/comments?post=61258"}],"version-history":[{"count":1,"href":"https:\/\/www.sincomam.org.br\/index.php\/wp-json\/wp\/v2\/posts\/61258\/revisions"}],"predecessor-version":[{"id":61260,"href":"https:\/\/www.sincomam.org.br\/index.php\/wp-json\/wp\/v2\/posts\/61258\/revisions\/61260"}],"wp:featuredmedia":[{"embeddable":true,"href":"https:\/\/www.sincomam.org.br\/index.php\/wp-json\/wp\/v2\/media\/61259"}],"wp:attachment":[{"href":"https:\/\/www.sincomam.org.br\/index.php\/wp-json\/wp\/v2\/media?parent=61258"}],"wp:term":[{"taxonomy":"category","embeddable":true,"href":"https:\/\/www.sincomam.org.br\/index.php\/wp-json\/wp\/v2\/categories?post=61258"},{"taxonomy":"post_tag","embeddable":true,"href":"https:\/\/www.sincomam.org.br\/index.php\/wp-json\/wp\/v2\/tags?post=61258"}],"curies":[{"name":"wp","href":"https:\/\/api.w.org\/{rel}","templated":true}]}}