{"id":61252,"date":"2025-09-16T11:31:53","date_gmt":"2025-09-16T14:31:53","guid":{"rendered":"https:\/\/www.sincomam.org.br\/?p=61252"},"modified":"2025-09-16T11:31:53","modified_gmt":"2025-09-16T14:31:53","slug":"submarino-museu-riachuelo-celebra-50-anos-de-lancamento-ao-mar","status":"publish","type":"post","link":"https:\/\/www.sincomam.org.br\/index.php\/submarino-museu-riachuelo-celebra-50-anos-de-lancamento-ao-mar\/","title":{"rendered":"Submarino Museu \u201cRiachuelo\u201d celebra 50 anos de lan\u00e7amento ao mar"},"content":{"rendered":"<p class=\"text-align-justify\">A Marinha do Brasil (MB) celebrou, na quarta-feira (10), os 50 anos do lan\u00e7amento ao mar do Submarino \u201cRiachuelo\u201d (S-22), ocorrido em 6 de setembro de 1975. A cerim\u00f4nia foi realizada no Espa\u00e7o Cultural da Marinha, no centro do Rio de Janeiro, onde o submarino encontra-se em exposi\u00e7\u00e3o para visita\u00e7\u00e3o p\u00fablica, na condi\u00e7\u00e3o de museu, desde 1997.<\/p>\n<p class=\"text-align-justify\">O evento contou com a presen\u00e7a de autoridades militares e civis, entre as quais o Secret\u00e1rio-Geral da Marinha, Almirante de Esquadra Eduardo Machado Vazquez.<\/p>\n<p class=\"text-align-justify\">Durante o evento, o Diretor da Diretoria do Patrim\u00f4nio Hist\u00f3rico e Documenta\u00e7\u00e3o da Marinha (DPHDM), Vice-Almirante (Reserva) Gilberto Santos Kerr, destacou o simbolismo da data. \u201c\u00c9 com grande satisfa\u00e7\u00e3o que celebramos, hoje, os 50 anos do lan\u00e7amento ao mar do Submarino Riachuelo. Este submarino \u00e9 feito de a\u00e7o, baterias, perisc\u00f3pio e torpedos, mas tamb\u00e9m \u00e9 feito de mem\u00f3rias, porque cada imers\u00e3o, cada chegada e sa\u00edda de porto, cada tripulante qualificado para o servi\u00e7o deixou sua marca neste casco\u201d, afirmou.<\/p>\n<p class=\"text-align-justify\">Ainda em seu discurso, o Diretor parafraseou o escritor Denis Waitley: \u201cO Patrim\u00f4nio Hist\u00f3rico \u00e9 como um submarino navegando em sil\u00eancio e em \u00e1guas profundas\u201d. E completou: \u201cDesde o primeiro instante, compreendi o compromisso da DPHDM em manter viva a chama de nossa tradi\u00e7\u00e3o, mergulhando at\u00e9 a cota profunda de seus maiores bens, preservando a propriedade cultural da Marinha de forma silente, interpretando-a para o nosso p\u00fablico.\u201d<\/p>\n<h5 class=\"text-align-justify\">Do mar para a hist\u00f3ria<\/h5>\n<p class=\"text-align-justify\">Constru\u00eddo na Inglaterra, o Riachuelo fez parte da classe \u201cOberon\u201d, posteriormente denominada classe \u201cHumait\u00e1\u201d. Os submarinos dessa classe trouxeram avan\u00e7os operativos in\u00e9ditos para a For\u00e7a Naval, como novas t\u00e9cnicas de controle de avarias, identifica\u00e7\u00e3o por sonar com an\u00e1lise espectral, emprego do sistema de tiro computadorizado Tios (Tiro de Precis\u00e3o) e inova\u00e7\u00f5es na navega\u00e7\u00e3o eletr\u00f4nica por sat\u00e9lite.<\/p>\n<p class=\"text-align-justify\">O Riachuelo foi incorporado \u00e0 MB em 27 de janeiro de 1977 e atuou por mais de 20 anos de servi\u00e7os operativos, participando de comiss\u00f5es e exerc\u00edcios nacionais e internacionais, como as opera\u00e7\u00f5es \u201cUNITAS\u201d e \u201cFRATERNO\u201d, ambas voltadas ao adestramento conjunto e \u00e0 coopera\u00e7\u00e3o entre Marinhas amigas.<\/p>\n<p class=\"text-align-justify\">Em 12 de novembro de 1997, foi desativado e transformado em submarino-museu, passando a cumprir uma nova miss\u00e3o: aproximar a sociedade brasileira de sua hist\u00f3ria naval.<\/p>\n<h5 class=\"text-align-justify\">Legado e continuidade<\/h5>\n<p class=\"text-align-justify\">O Riachuelo foi o sexto navio a ostentar esse nome, que rememora a Batalha Naval do Riachuelo, vit\u00f3ria decisiva da Marinha brasileira durante a Guerra da Tr\u00edplice Alian\u00e7a. Hoje, o ciclo se renova com o Submarino \u201cRiachuelo\u201d (S-40), primeiro da Classe Riachuelo desenvolvido no \u00e2mbito do Programa de Desenvolvimento de Submarinos (PROSUB). \u201cO passado e o futuro se encontram neste nome. De um lado, o Riachuelo-Museu, que preserva a hist\u00f3ria; de outro, o novo Riachuelo, que projeta o futuro da For\u00e7a Naval, fortalecendo a capacidade de defesa do Pa\u00eds\u201d, concluiu o Diretor da DPHDM.<\/p>\n<h5 class=\"text-align-justify\">Como visitar<\/h5>\n<p class=\"text-align-justify\">O Espa\u00e7o Cultural da Marinha situa-se no Boulevard Ol\u00edmpico da cidade do Rio de Janeiro (RJ). Com uma \u00e1rea expositiva de cerca de mil metros quadrados, est\u00e1 localizado na Orla Conde, entre o Largo da Candel\u00e1ria e a Pra\u00e7a XV. Instalado nas antigas docas da Alf\u00e2ndega, sobre uma \u00e1rea aterrada na segunda metade do s\u00e9culo XIX, foi inaugurado em 20 de janeiro de 1996.<\/p>\n<p class=\"text-align-justify\">Com uma combina\u00e7\u00e3o de cultura, hist\u00f3ria e passeios imperd\u00edveis, o espa\u00e7o \u00e9 uma excelente op\u00e7\u00e3o para quem deseja aprender mais sobre a hist\u00f3ria do Brasil e explorar um dos mais belos cen\u00e1rios do Rio durante as f\u00e9rias.<\/p>\n<p class=\"text-align-justify\">A entrada para o espa\u00e7o \u00e9 gratuita \u00e0s ter\u00e7as-feiras, exceto em feriados. Para os passeios mar\u00edtimos e visitas \u00e0 Ilha Fiscal, os ingressos variam de R$ 30,00 (meia entrada) a R$ 60,00 (inteira), e podem ser adquiridos pelo aplicativo \u201cMarinha Cultural\u201d (IOS\/Android) ou pelo site da \u201cIngresso com Desconto\u201d. Mais informa\u00e7\u00f5es podem ser obtidas pelo site da Diretoria do Patrim\u00f4nio Hist\u00f3rico e Documenta\u00e7\u00e3o da Marinha.<\/p>\n<p class=\"text-align-justify\">O Museu Naval encontra-se no Centro do Rio de Janeiro, na Rua Dom Manuel, n\u00ba 15, Pra\u00e7a XV, aberto de ter\u00e7a a domingo. A entrada \u00e9 gratuita.<\/p>\n<p>Fonte: Ag\u00eancia Marinha de Not\u00edcias<\/p>\n","protected":false},"excerpt":{"rendered":"<p>A Marinha do Brasil (MB) celebrou, na quarta-feira (10), os 50 anos do lan\u00e7amento ao mar do Submarino \u201cRiachuelo\u201d (S-22), ocorrido em 6 de setembro&#8230;<\/p>\n","protected":false},"author":1527,"featured_media":61253,"comment_status":"closed","ping_status":"closed","sticky":false,"template":"","format":"standard","meta":{"footnotes":""},"categories":[6],"tags":[],"class_list":["post-61252","post","type-post","status-publish","format-standard","has-post-thumbnail","hentry","category-noticias"],"_links":{"self":[{"href":"https:\/\/www.sincomam.org.br\/index.php\/wp-json\/wp\/v2\/posts\/61252","targetHints":{"allow":["GET"]}}],"collection":[{"href":"https:\/\/www.sincomam.org.br\/index.php\/wp-json\/wp\/v2\/posts"}],"about":[{"href":"https:\/\/www.sincomam.org.br\/index.php\/wp-json\/wp\/v2\/types\/post"}],"author":[{"embeddable":true,"href":"https:\/\/www.sincomam.org.br\/index.php\/wp-json\/wp\/v2\/users\/1527"}],"replies":[{"embeddable":true,"href":"https:\/\/www.sincomam.org.br\/index.php\/wp-json\/wp\/v2\/comments?post=61252"}],"version-history":[{"count":1,"href":"https:\/\/www.sincomam.org.br\/index.php\/wp-json\/wp\/v2\/posts\/61252\/revisions"}],"predecessor-version":[{"id":61254,"href":"https:\/\/www.sincomam.org.br\/index.php\/wp-json\/wp\/v2\/posts\/61252\/revisions\/61254"}],"wp:featuredmedia":[{"embeddable":true,"href":"https:\/\/www.sincomam.org.br\/index.php\/wp-json\/wp\/v2\/media\/61253"}],"wp:attachment":[{"href":"https:\/\/www.sincomam.org.br\/index.php\/wp-json\/wp\/v2\/media?parent=61252"}],"wp:term":[{"taxonomy":"category","embeddable":true,"href":"https:\/\/www.sincomam.org.br\/index.php\/wp-json\/wp\/v2\/categories?post=61252"},{"taxonomy":"post_tag","embeddable":true,"href":"https:\/\/www.sincomam.org.br\/index.php\/wp-json\/wp\/v2\/tags?post=61252"}],"curies":[{"name":"wp","href":"https:\/\/api.w.org\/{rel}","templated":true}]}}