{"id":61235,"date":"2025-09-15T13:25:28","date_gmt":"2025-09-15T16:25:28","guid":{"rendered":"https:\/\/www.sincomam.org.br\/?p=61235"},"modified":"2025-09-15T13:25:28","modified_gmt":"2025-09-15T16:25:28","slug":"organizacao-de-pesquisa-e-servicos-apoia-parque-tecnologico-do-mar-no-rj","status":"publish","type":"post","link":"https:\/\/www.sincomam.org.br\/index.php\/organizacao-de-pesquisa-e-servicos-apoia-parque-tecnologico-do-mar-no-rj\/","title":{"rendered":"Organiza\u00e7\u00e3o de pesquisa e servi\u00e7os apoia Parque Tecnol\u00f3gico do Mar no RJ"},"content":{"rendered":"<p>A Certi, organiza\u00e7\u00e3o de pesquisa, desenvolvimento e servi\u00e7os tecnol\u00f3gicos especializados, anunciou sua participa\u00e7\u00e3o no projeto do Parque Tecnol\u00f3gico do Mar, em Angra dos Reis, o primeiro do estado do Rio de Janeiro dedicado exclusivamente ao desenvolvimento de solu\u00e7\u00f5es tecnol\u00f3gicas voltadas ao mar e realizado em parceria com a prefeitura local. Segundo a organiza\u00e7\u00e3o, sua participa\u00e7\u00e3o no projeto envolve planejamento, mentorias e capacita\u00e7\u00f5es da equipe gestora e estrutura\u00e7\u00e3o de programas voltados ao empreendedorismo e \u00e0 cria\u00e7\u00e3o de novos neg\u00f3cios.<\/p>\n<p>Inaugurado em mar\u00e7o de 2024, o Parque Tecnol\u00f3gico do Mar tem 10 empresas incubadas e promove eventos, capacita\u00e7\u00f5es t\u00e9cnicas e a\u00e7\u00f5es voltadas ao est\u00edmulo de novos neg\u00f3cios. A estrutura abriga startups de setores considerados estrat\u00e9gicos ligados \u00e0 economia do mar, como petr\u00f3leo e g\u00e1s, n\u00e1utica e naval, energias renov\u00e1veis, biotecnologia, turismo e sustentabilidade.<\/p>\n<p>Marcus Dias, coordenador de projetos em ambientes de inova\u00e7\u00e3o da Certi, disse que entre os objetivos do Parque est\u00e3o conectar empreendedores, institui\u00e7\u00f5es e universidades para impulsionar a chamada economia azul, posicionando a cidade como polo de refer\u00eancia voltado ao setor mar\u00edtimo e costeiro. J\u00e1 La\u00e9rcio Aniceto, superintendente de neg\u00f3cios da organiza\u00e7\u00e3o, disse que, com a participa\u00e7\u00e3o no projeto, a Certi busca contribuir, com sua experi\u00eancia em parques semelhantes em v\u00e1rios estados, para a gest\u00e3o e consolida\u00e7\u00e3o do empreendimento, identificando e conectando voca\u00e7\u00f5es locais para gerar impacto econ\u00f4mico e social na regi\u00e3o.<\/p>\n<p>Fonte: Informativo dos Portos<\/p>\n","protected":false},"excerpt":{"rendered":"<p>A Certi, organiza\u00e7\u00e3o de pesquisa, desenvolvimento e servi\u00e7os tecnol\u00f3gicos especializados, anunciou sua participa\u00e7\u00e3o no projeto do Parque Tecnol\u00f3gico do Mar, em Angra dos Reis, o&#8230;<\/p>\n","protected":false},"author":1527,"featured_media":61236,"comment_status":"closed","ping_status":"closed","sticky":false,"template":"","format":"standard","meta":{"footnotes":""},"categories":[6],"tags":[],"class_list":["post-61235","post","type-post","status-publish","format-standard","has-post-thumbnail","hentry","category-noticias"],"_links":{"self":[{"href":"https:\/\/www.sincomam.org.br\/index.php\/wp-json\/wp\/v2\/posts\/61235","targetHints":{"allow":["GET"]}}],"collection":[{"href":"https:\/\/www.sincomam.org.br\/index.php\/wp-json\/wp\/v2\/posts"}],"about":[{"href":"https:\/\/www.sincomam.org.br\/index.php\/wp-json\/wp\/v2\/types\/post"}],"author":[{"embeddable":true,"href":"https:\/\/www.sincomam.org.br\/index.php\/wp-json\/wp\/v2\/users\/1527"}],"replies":[{"embeddable":true,"href":"https:\/\/www.sincomam.org.br\/index.php\/wp-json\/wp\/v2\/comments?post=61235"}],"version-history":[{"count":1,"href":"https:\/\/www.sincomam.org.br\/index.php\/wp-json\/wp\/v2\/posts\/61235\/revisions"}],"predecessor-version":[{"id":61237,"href":"https:\/\/www.sincomam.org.br\/index.php\/wp-json\/wp\/v2\/posts\/61235\/revisions\/61237"}],"wp:featuredmedia":[{"embeddable":true,"href":"https:\/\/www.sincomam.org.br\/index.php\/wp-json\/wp\/v2\/media\/61236"}],"wp:attachment":[{"href":"https:\/\/www.sincomam.org.br\/index.php\/wp-json\/wp\/v2\/media?parent=61235"}],"wp:term":[{"taxonomy":"category","embeddable":true,"href":"https:\/\/www.sincomam.org.br\/index.php\/wp-json\/wp\/v2\/categories?post=61235"},{"taxonomy":"post_tag","embeddable":true,"href":"https:\/\/www.sincomam.org.br\/index.php\/wp-json\/wp\/v2\/tags?post=61235"}],"curies":[{"name":"wp","href":"https:\/\/api.w.org\/{rel}","templated":true}]}}