{"id":61226,"date":"2025-09-15T10:11:25","date_gmt":"2025-09-15T13:11:25","guid":{"rendered":"https:\/\/www.sincomam.org.br\/?p=61226"},"modified":"2025-09-15T10:11:25","modified_gmt":"2025-09-15T13:11:25","slug":"subsea-7-marca-assembleia-de-acionistas-para-avaliar-fusao-com-a-saipem","status":"publish","type":"post","link":"https:\/\/www.sincomam.org.br\/index.php\/subsea-7-marca-assembleia-de-acionistas-para-avaliar-fusao-com-a-saipem\/","title":{"rendered":"Subsea 7 marca assembleia de acionistas para avaliar fus\u00e3o com a Saipem"},"content":{"rendered":"<p>A Subsea 7 informou, nesta sexta-feira (12), que ser\u00e1 realizada no pr\u00f3ximo dia 25 de setembro assembleia geral de acionistas para avaliar a proposta de fus\u00e3o com a Saipem, anunciada em 24 de julho. De acordo com a empresa, seguindo as leis de Luxemburgo, os acionistas que n\u00e3o concordarem com a jun\u00e7\u00e3o das duas companhias ter\u00e3o direito a receber em dinheiro o correspondente ao valor de suas a\u00e7\u00f5es. Foi estipulado o montante de 135,51 coroas norueguesas, correspondentes a cerca de R$ 73,00 por a\u00e7\u00e3o.<\/p>\n<p>A empresa esclareceu que j\u00e1 est\u00e1 dispon\u00edvel toda a documenta\u00e7\u00e3o relativa \u00e0 manifesta\u00e7\u00e3o de vontade dos acionistas, incluindo formul\u00e1rios de declara\u00e7\u00e3o de retirada, procura\u00e7\u00e3o para o exerc\u00edcio do direito de retirada e carta de instru\u00e7\u00f5es para intermedi\u00e1rios financeiros\/operadores de contas e certificado de confirma\u00e7\u00f5es. Os interessados devem preencher os documentos para apresentar na assembleia.<\/p>\n<p>A companhia resultante da fus\u00e3o ser\u00e1 chamada de Saipem 7 e ter\u00e1 sede em Mil\u00e3o, na It\u00e1lia. Pelo acordo, a Saipem e a Subsea 7 ter\u00e3o, cada uma,50% das a\u00e7\u00f5es da nova companhia, cuja receita l\u00edquida estimada \u00e9 de 21 bilh\u00f5es de euros. Ela atuar\u00e1 em mais de 60 pa\u00edses em opera\u00e7\u00f5es offshore e onshore, incluindo perfura\u00e7\u00e3o, engenharia, constru\u00e7\u00e3o e outros servi\u00e7os, com mais de 60 embarca\u00e7\u00f5es e 44.000 colaboradores.<\/p>\n<p>Fonte: Portos e Navios<\/p>\n","protected":false},"excerpt":{"rendered":"<p>A Subsea 7 informou, nesta sexta-feira (12), que ser\u00e1 realizada no pr\u00f3ximo dia 25 de setembro assembleia geral de acionistas para avaliar a proposta de&#8230;<\/p>\n","protected":false},"author":1527,"featured_media":61227,"comment_status":"closed","ping_status":"closed","sticky":false,"template":"","format":"standard","meta":{"footnotes":""},"categories":[6],"tags":[],"class_list":["post-61226","post","type-post","status-publish","format-standard","has-post-thumbnail","hentry","category-noticias"],"_links":{"self":[{"href":"https:\/\/www.sincomam.org.br\/index.php\/wp-json\/wp\/v2\/posts\/61226","targetHints":{"allow":["GET"]}}],"collection":[{"href":"https:\/\/www.sincomam.org.br\/index.php\/wp-json\/wp\/v2\/posts"}],"about":[{"href":"https:\/\/www.sincomam.org.br\/index.php\/wp-json\/wp\/v2\/types\/post"}],"author":[{"embeddable":true,"href":"https:\/\/www.sincomam.org.br\/index.php\/wp-json\/wp\/v2\/users\/1527"}],"replies":[{"embeddable":true,"href":"https:\/\/www.sincomam.org.br\/index.php\/wp-json\/wp\/v2\/comments?post=61226"}],"version-history":[{"count":1,"href":"https:\/\/www.sincomam.org.br\/index.php\/wp-json\/wp\/v2\/posts\/61226\/revisions"}],"predecessor-version":[{"id":61228,"href":"https:\/\/www.sincomam.org.br\/index.php\/wp-json\/wp\/v2\/posts\/61226\/revisions\/61228"}],"wp:featuredmedia":[{"embeddable":true,"href":"https:\/\/www.sincomam.org.br\/index.php\/wp-json\/wp\/v2\/media\/61227"}],"wp:attachment":[{"href":"https:\/\/www.sincomam.org.br\/index.php\/wp-json\/wp\/v2\/media?parent=61226"}],"wp:term":[{"taxonomy":"category","embeddable":true,"href":"https:\/\/www.sincomam.org.br\/index.php\/wp-json\/wp\/v2\/categories?post=61226"},{"taxonomy":"post_tag","embeddable":true,"href":"https:\/\/www.sincomam.org.br\/index.php\/wp-json\/wp\/v2\/tags?post=61226"}],"curies":[{"name":"wp","href":"https:\/\/api.w.org\/{rel}","templated":true}]}}