{"id":61223,"date":"2025-09-15T10:08:45","date_gmt":"2025-09-15T13:08:45","guid":{"rendered":"https:\/\/www.sincomam.org.br\/?p=61223"},"modified":"2025-09-15T10:08:45","modified_gmt":"2025-09-15T13:08:45","slug":"trf4-mantem-alfandegamento-dos-portos-de-paranagua-e-antonina","status":"publish","type":"post","link":"https:\/\/www.sincomam.org.br\/index.php\/trf4-mantem-alfandegamento-dos-portos-de-paranagua-e-antonina\/","title":{"rendered":"TRF4 mant\u00e9m alfandegamento dos Portos de Paranagu\u00e1 e Antonina"},"content":{"rendered":"<p>O Tribunal Regional Federal da 4\u00aa Regi\u00e3o (TRF4) rejeitou um pedido da Receita Federal para suspender o alfandegamento dos Portos de Paranagu\u00e1 e Antonina. A medida havia sido solicitada h\u00e1 quase 13 anos, sob a alega\u00e7\u00e3o de descumprimento de normas de seguran\u00e7a portu\u00e1ria na \u00e9poca. A decis\u00e3o, divulgada no in\u00edcio de setembro, encerra uma disputa que poderia ter levado \u00e0 paralisa\u00e7\u00e3o de dois dos principais terminais do pa\u00eds.<\/p>\n<p>O juiz federal Rodrigo Kravetz registrou que \u201ca suspens\u00e3o das atividades geraria um colapso comercial considerando que a Autoridade Portu\u00e1ria \u00e9 a segunda maior do Brasil, com recorde de movimenta\u00e7\u00e3o anual de 66,7 milh\u00f5es de toneladas e eleita por seis vezes consecutivas a melhor gest\u00e3o portu\u00e1ria do Pa\u00eds\u201d.<\/p>\n<p>\u201cConsiderando a relev\u00e2ncia dos portos paranaenses, a Corte foi categ\u00f3rica ao afirmar que a suspens\u00e3o das atividades geraria danos imensur\u00e1veis e desproporcionais\u201d, afirmou o diretor Jur\u00eddico da Portos do Paran\u00e1, Marcus Freitas.<\/p>\n<p>Segundo o TRF4, a san\u00e7\u00e3o da Receita Federal \u201cviola o princ\u00edpio de proporcionalidade, pois paralisaria servi\u00e7os p\u00fablicos essenciais e acarretaria consequ\u00eancias graves \u00e0 economia nacional, al\u00e9m de afetar diretamente a pr\u00f3pria comunidade como os pagamentos de sal\u00e1rios, tributos e fornecedores\u201d.<\/p>\n<p>O Tribunal tamb\u00e9m destacou que a gest\u00e3o atual da empresa p\u00fablica cumpriu grande parte das determina\u00e7\u00f5es legais. \u201cN\u00e3o se verifica a necessidade de suspens\u00e3o das atividades, pois passados cerca de treze anos dos fatos que originaram as irregularidades, quase todas foram sanadas, restando apenas o acesso e repasse de informa\u00e7\u00f5es, conforme inspe\u00e7\u00e3o judicial e acordo entre as partes\u201d, aponta o documento.<\/p>\n<p>Fonte: Portal Be News<\/p>\n","protected":false},"excerpt":{"rendered":"<p>O Tribunal Regional Federal da 4\u00aa Regi\u00e3o (TRF4) rejeitou um pedido da Receita Federal para suspender o alfandegamento dos Portos de Paranagu\u00e1 e Antonina. A&#8230;<\/p>\n","protected":false},"author":1527,"featured_media":61224,"comment_status":"closed","ping_status":"closed","sticky":false,"template":"","format":"standard","meta":{"footnotes":""},"categories":[6],"tags":[],"class_list":["post-61223","post","type-post","status-publish","format-standard","has-post-thumbnail","hentry","category-noticias"],"_links":{"self":[{"href":"https:\/\/www.sincomam.org.br\/index.php\/wp-json\/wp\/v2\/posts\/61223","targetHints":{"allow":["GET"]}}],"collection":[{"href":"https:\/\/www.sincomam.org.br\/index.php\/wp-json\/wp\/v2\/posts"}],"about":[{"href":"https:\/\/www.sincomam.org.br\/index.php\/wp-json\/wp\/v2\/types\/post"}],"author":[{"embeddable":true,"href":"https:\/\/www.sincomam.org.br\/index.php\/wp-json\/wp\/v2\/users\/1527"}],"replies":[{"embeddable":true,"href":"https:\/\/www.sincomam.org.br\/index.php\/wp-json\/wp\/v2\/comments?post=61223"}],"version-history":[{"count":1,"href":"https:\/\/www.sincomam.org.br\/index.php\/wp-json\/wp\/v2\/posts\/61223\/revisions"}],"predecessor-version":[{"id":61225,"href":"https:\/\/www.sincomam.org.br\/index.php\/wp-json\/wp\/v2\/posts\/61223\/revisions\/61225"}],"wp:featuredmedia":[{"embeddable":true,"href":"https:\/\/www.sincomam.org.br\/index.php\/wp-json\/wp\/v2\/media\/61224"}],"wp:attachment":[{"href":"https:\/\/www.sincomam.org.br\/index.php\/wp-json\/wp\/v2\/media?parent=61223"}],"wp:term":[{"taxonomy":"category","embeddable":true,"href":"https:\/\/www.sincomam.org.br\/index.php\/wp-json\/wp\/v2\/categories?post=61223"},{"taxonomy":"post_tag","embeddable":true,"href":"https:\/\/www.sincomam.org.br\/index.php\/wp-json\/wp\/v2\/tags?post=61223"}],"curies":[{"name":"wp","href":"https:\/\/api.w.org\/{rel}","templated":true}]}}