{"id":61213,"date":"2025-09-12T11:19:48","date_gmt":"2025-09-12T14:19:48","guid":{"rendered":"https:\/\/www.sincomam.org.br\/?p=61213"},"modified":"2025-09-12T11:19:48","modified_gmt":"2025-09-12T14:19:48","slug":"amazonia-azul-e-amazonia-verde-os-dois-coracoes-estrategicos-do-brasil","status":"publish","type":"post","link":"https:\/\/www.sincomam.org.br\/index.php\/amazonia-azul-e-amazonia-verde-os-dois-coracoes-estrategicos-do-brasil\/","title":{"rendered":"Amaz\u00f4nia Azul e Amaz\u00f4nia Verde: os dois cora\u00e7\u00f5es estrat\u00e9gicos do Brasil"},"content":{"rendered":"<p>O Brasil possui n\u00e3o apenas um, mas dois cora\u00e7\u00f5es estrat\u00e9gicos. Em terra, a Amaz\u00f4nia Verde concentra biodiversidade, min\u00e9rios e fronteiras internacionais. No mar, a Amaz\u00f4nia Azul guarda petr\u00f3leo, rotas comerciais e cabos submarinos. Juntas, essas duas regi\u00f5es formam o n\u00facleo vital da soberania nacional no s\u00e9culo XXI.<\/p>\n<p><strong>Amaz\u00f4nia Verde: soberania em terra firme<\/strong><br \/>\nA Amaz\u00f4nia Verde, maior floresta tropical do planeta, \u00e9 respons\u00e1vel por regular o clima, abrigar a maior biodiversidade do mundo e armazenar enormes reservas de \u00e1gua doce. Mais de 20% da \u00e1gua doce utiliz\u00e1vel do planeta encontra-se em seus rios, tornando a regi\u00e3o vital n\u00e3o s\u00f3 para o Brasil, mas para todo o mundo.<\/p>\n<p>Al\u00e9m da dimens\u00e3o ambiental, a Amaz\u00f4nia Verde \u00e9 um territ\u00f3rio de fronteiras extensas, com mais de 11 mil km ligando o Brasil a oito pa\u00edses vizinhos. Essa posi\u00e7\u00e3o geogr\u00e1fica transforma a regi\u00e3o em espa\u00e7o geopol\u00edtico sens\u00edvel, exposto a il\u00edcitos como tr\u00e1fico de drogas, minera\u00e7\u00e3o ilegal e press\u00f5es internacionais. Para o Brasil, defender a Amaz\u00f4nia Verde \u00e9 assegurar n\u00e3o apenas o equil\u00edbrio ambiental, mas tamb\u00e9m a soberania territorial e o direito de explorar suas riquezas de forma sustent\u00e1vel.<\/p>\n<p><strong>Amaz\u00f4nia Azul: riquezas e vulnerabilidades no mar<\/strong><br \/>\nPouco lembrada no debate p\u00fablico, a Amaz\u00f4nia Azul \u00e9 o territ\u00f3rio mar\u00edtimo do Brasil, equivalente a mais da metade de sua \u00e1rea terrestre, com mais de 5,7 milh\u00f5es de km\u00b2. Nesse espa\u00e7o est\u00e3o as maiores reservas de petr\u00f3leo do pa\u00eds, como o pr\u00e9-sal, fundamentais para a seguran\u00e7a energ\u00e9tica e para a balan\u00e7a comercial brasileira.<\/p>\n<p>A regi\u00e3o tamb\u00e9m \u00e9 corredor vital para o com\u00e9rcio exterior, j\u00e1 que 95% das exporta\u00e7\u00f5es nacionais passam pelo mar. Al\u00e9m disso, sob as \u00e1guas est\u00e3o os cabos submarinos de fibra \u00f3ptica, que garantem a conex\u00e3o digital do Brasil com o mundo e representam uma das infraestruturas mais sens\u00edveis do s\u00e9culo XXI.<\/p>\n<p>Entretanto, essa riqueza traz vulnerabilidades: pesca ilegal, crimes ambientais, contrabando, espionagem digital e a presen\u00e7a crescente de pot\u00eancias militares no Atl\u00e2ntico Sul. Cabe \u00e0 Marinha do Brasil a miss\u00e3o de proteger essa fronteira mar\u00edtima e garantir que a Amaz\u00f4nia Azul continue sendo patrim\u00f4nio brasileiro.<\/p>\n<p><strong>Dois cora\u00e7\u00f5es, uma mesma estrat\u00e9gia nacional<\/strong><br \/>\nA verdadeira for\u00e7a estrat\u00e9gica do Brasil est\u00e1 em reconhecer que possui dois cora\u00e7\u00f5es vitais: a Amaz\u00f4nia Verde e a Amaz\u00f4nia Azul. Em terra, floresta e fronteiras exigem presen\u00e7a militar, desenvolvimento sustent\u00e1vel e resist\u00eancia a press\u00f5es internacionais. No mar, petr\u00f3leo, rotas comerciais e cabos digitais pedem poder naval, vigil\u00e2ncia tecnol\u00f3gica e diplomacia ativa.<\/p>\n<p>Integrar a defesa desses dois espa\u00e7os \u00e9 construir uma estrat\u00e9gia nacional unificada, capaz de projetar o Brasil como pot\u00eancia global do s\u00e9culo XXI. O futuro n\u00e3o ser\u00e1 decidido apenas na selva ou no mar, mas na capacidade do pa\u00eds de proteger, explorar e valorizar ambos os seus cora\u00e7\u00f5es estrat\u00e9gicos.<\/p>\n<p><strong>Conclus\u00e3o<\/strong><br \/>\nA Amaz\u00f4nia Verde e a Amaz\u00f4nia Azul s\u00e3o mais do que territ\u00f3rios: s\u00e3o s\u00edmbolos da soberania brasileira. Juntas, representam os dois pilares que podem garantir ao Brasil n\u00e3o apenas seguran\u00e7a ambiental e energ\u00e9tica, mas tamb\u00e9m protagonismo no cen\u00e1rio internacional.<\/p>\n<p>Defend\u00ea-las n\u00e3o \u00e9 apenas proteger o presente \u2014 \u00e9 assegurar o futuro do pa\u00eds.<\/p>\n<p>Fonte: Defesa em Foco<\/p>\n","protected":false},"excerpt":{"rendered":"<p>O Brasil possui n\u00e3o apenas um, mas dois cora\u00e7\u00f5es estrat\u00e9gicos. Em terra, a Amaz\u00f4nia Verde concentra biodiversidade, min\u00e9rios e fronteiras internacionais. No mar, a Amaz\u00f4nia&#8230;<\/p>\n","protected":false},"author":1527,"featured_media":61214,"comment_status":"closed","ping_status":"closed","sticky":false,"template":"","format":"standard","meta":{"footnotes":""},"categories":[6],"tags":[],"class_list":["post-61213","post","type-post","status-publish","format-standard","has-post-thumbnail","hentry","category-noticias"],"_links":{"self":[{"href":"https:\/\/www.sincomam.org.br\/index.php\/wp-json\/wp\/v2\/posts\/61213","targetHints":{"allow":["GET"]}}],"collection":[{"href":"https:\/\/www.sincomam.org.br\/index.php\/wp-json\/wp\/v2\/posts"}],"about":[{"href":"https:\/\/www.sincomam.org.br\/index.php\/wp-json\/wp\/v2\/types\/post"}],"author":[{"embeddable":true,"href":"https:\/\/www.sincomam.org.br\/index.php\/wp-json\/wp\/v2\/users\/1527"}],"replies":[{"embeddable":true,"href":"https:\/\/www.sincomam.org.br\/index.php\/wp-json\/wp\/v2\/comments?post=61213"}],"version-history":[{"count":1,"href":"https:\/\/www.sincomam.org.br\/index.php\/wp-json\/wp\/v2\/posts\/61213\/revisions"}],"predecessor-version":[{"id":61215,"href":"https:\/\/www.sincomam.org.br\/index.php\/wp-json\/wp\/v2\/posts\/61213\/revisions\/61215"}],"wp:featuredmedia":[{"embeddable":true,"href":"https:\/\/www.sincomam.org.br\/index.php\/wp-json\/wp\/v2\/media\/61214"}],"wp:attachment":[{"href":"https:\/\/www.sincomam.org.br\/index.php\/wp-json\/wp\/v2\/media?parent=61213"}],"wp:term":[{"taxonomy":"category","embeddable":true,"href":"https:\/\/www.sincomam.org.br\/index.php\/wp-json\/wp\/v2\/categories?post=61213"},{"taxonomy":"post_tag","embeddable":true,"href":"https:\/\/www.sincomam.org.br\/index.php\/wp-json\/wp\/v2\/tags?post=61213"}],"curies":[{"name":"wp","href":"https:\/\/api.w.org\/{rel}","templated":true}]}}