{"id":61160,"date":"2025-09-10T11:54:24","date_gmt":"2025-09-10T14:54:24","guid":{"rendered":"https:\/\/www.sincomam.org.br\/?p=61160"},"modified":"2025-09-10T11:54:24","modified_gmt":"2025-09-10T14:54:24","slug":"cma-cgm-adia-cobranca-da-taxa-sazonal-sobre-cargas-transportadas-pelo-rio-amazonas","status":"publish","type":"post","link":"https:\/\/www.sincomam.org.br\/index.php\/cma-cgm-adia-cobranca-da-taxa-sazonal-sobre-cargas-transportadas-pelo-rio-amazonas\/","title":{"rendered":"CMA CGM adia cobran\u00e7a da taxa sazonal sobre cargas transportadas pelo Rio Amazonas"},"content":{"rendered":"<p>O grupo CMA CGM anunciou, na \u00faltima segunda-feira (8), o adiamento para o pr\u00f3ximo dia 7 de outubro da cobran\u00e7a da &#8216;Taxa de Baixa do N\u00edvel da \u00c1gua&#8217;, cobrada sobre cargas provenientes dos Estados Unidos com destino ao Porto de Manaus (AM) pelo Rio Amazonas. Segundo a empresa, o adiamento deve-se \u00e0 constata\u00e7\u00e3o, com base em monitoramento, de que os n\u00edveis de \u00e1gua est\u00e3o diminuindo em ritmo inferior ao que era inicialmente estimado. A previs\u00e3o \u00e9 que a tarifa\u00e7\u00e3o extra seja de 950 d\u00f3lares por cada TEU transportado.<\/p>\n<p>De acordo com a companhia, tamb\u00e9m passar\u00e1 a ser cobrada no dia 7 de outubro a sobretaxa sobre as cargas que parte do porto da capital amazonense em dire\u00e7\u00e3o a portos americanos. H\u00e1 previs\u00e3o tamb\u00e9m de cobran\u00e7a a partir da mesma data para as mercadorias que partem de Manaus para Porto Rico e para as Ilhas Can\u00e1rias e que s\u00e3o transportadas no sentido contr\u00e1rio.<\/p>\n<p>A CMA CGM informou ainda que continua fazendo o monitoramento para acompanhar a evolu\u00e7\u00e3o dos rios na regi\u00e3o Amaz\u00f4nica e avaliar se ser\u00e1 necess\u00e1rio novo adiamento ou antecipa\u00e7\u00e3o das cobran\u00e7as. A empresa alertou que no per\u00edodo de seca h\u00e1 possibilidade de serem adotadas restri\u00e7\u00f5es \u00e0 movimenta\u00e7\u00e3o de cargas refrigeradas, consideradas perigosas, soltas ou fora das dimens\u00f5es adequadas. Al\u00e9m disso, explicou que a sobretaxa \u00e9 uma medida de emerg\u00eancia aplic\u00e1vel at\u00e9 que as condi\u00e7\u00f5es de navega\u00e7\u00e3o voltem ao n\u00edvel normal.<\/p>\n<p>Fonte: Portos e Navios<\/p>\n","protected":false},"excerpt":{"rendered":"<p>O grupo CMA CGM anunciou, na \u00faltima segunda-feira (8), o adiamento para o pr\u00f3ximo dia 7 de outubro da cobran\u00e7a da &#8216;Taxa de Baixa do&#8230;<\/p>\n","protected":false},"author":1527,"featured_media":61161,"comment_status":"closed","ping_status":"closed","sticky":false,"template":"","format":"standard","meta":{"footnotes":""},"categories":[6],"tags":[],"class_list":["post-61160","post","type-post","status-publish","format-standard","has-post-thumbnail","hentry","category-noticias"],"_links":{"self":[{"href":"https:\/\/www.sincomam.org.br\/index.php\/wp-json\/wp\/v2\/posts\/61160","targetHints":{"allow":["GET"]}}],"collection":[{"href":"https:\/\/www.sincomam.org.br\/index.php\/wp-json\/wp\/v2\/posts"}],"about":[{"href":"https:\/\/www.sincomam.org.br\/index.php\/wp-json\/wp\/v2\/types\/post"}],"author":[{"embeddable":true,"href":"https:\/\/www.sincomam.org.br\/index.php\/wp-json\/wp\/v2\/users\/1527"}],"replies":[{"embeddable":true,"href":"https:\/\/www.sincomam.org.br\/index.php\/wp-json\/wp\/v2\/comments?post=61160"}],"version-history":[{"count":1,"href":"https:\/\/www.sincomam.org.br\/index.php\/wp-json\/wp\/v2\/posts\/61160\/revisions"}],"predecessor-version":[{"id":61162,"href":"https:\/\/www.sincomam.org.br\/index.php\/wp-json\/wp\/v2\/posts\/61160\/revisions\/61162"}],"wp:featuredmedia":[{"embeddable":true,"href":"https:\/\/www.sincomam.org.br\/index.php\/wp-json\/wp\/v2\/media\/61161"}],"wp:attachment":[{"href":"https:\/\/www.sincomam.org.br\/index.php\/wp-json\/wp\/v2\/media?parent=61160"}],"wp:term":[{"taxonomy":"category","embeddable":true,"href":"https:\/\/www.sincomam.org.br\/index.php\/wp-json\/wp\/v2\/categories?post=61160"},{"taxonomy":"post_tag","embeddable":true,"href":"https:\/\/www.sincomam.org.br\/index.php\/wp-json\/wp\/v2\/tags?post=61160"}],"curies":[{"name":"wp","href":"https:\/\/api.w.org\/{rel}","templated":true}]}}