{"id":61131,"date":"2025-09-09T09:47:33","date_gmt":"2025-09-09T12:47:33","guid":{"rendered":"https:\/\/www.sincomam.org.br\/?p=61131"},"modified":"2025-09-09T09:47:33","modified_gmt":"2025-09-09T12:47:33","slug":"pre-sal-petroleo-prorroga-leilao-dos-campos-de-mero-tupi-e-atapu","status":"publish","type":"post","link":"https:\/\/www.sincomam.org.br\/index.php\/pre-sal-petroleo-prorroga-leilao-dos-campos-de-mero-tupi-e-atapu\/","title":{"rendered":"Pr\u00e9-Sal Petr\u00f3leo prorroga leil\u00e3o dos campos de Mero, Tupi e Atapu"},"content":{"rendered":"<p>A Pr\u00e9-Sal Petr\u00f3leo (PPSA)) decidiu prorrogar at\u00e9 as 23h59m desta quarta-feira (10) o prazo para manifesta\u00e7\u00f5es ao pr\u00e9-edital do Leil\u00e3o de \u00c1reas N\u00e3o Contratadas das Jazidas Compartilhadas de Mero, Tupi e Atapu. Os campos  est\u00e3o localizados na Bacia de Santos, ao longo do litoral dos estados de S\u00e3o Paulo e do Rio de Janeiro. O pr\u00e9-edital foi publicado no dia 25 de agosto, e o prazo para contribui\u00e7\u00f5es terminava nessa segunda-feira (8). <\/p>\n<p> O leil\u00e3o ser\u00e1 realizado no dia 4 de dezembro de 2025, na B3, Bolsa de Valores de S\u00e3o Paulo. O certame oferecer\u00e1 ao mercado a totalidade da participa\u00e7\u00e3o da Uni\u00e3o nessas \u00e1reas, que hoje corresponde a 3,500% em Mero, 0,551% em Tupi e 0,950% em Atapu.<\/p>\n<p>A partir desta ter\u00e7a-feira (9) , a PPSA disponibilizar\u00e1 o acesso ao pacote de dados com informa\u00e7\u00f5es sobre as jazidas para as empresas que atenderem os requisitos de acesso. Quem manifestar interesse ter\u00e1 acesso a dados em formato virtual e poder\u00e1 agendar uma reuni\u00e3o t\u00e9cnica presencial.<\/p>\n<p>No dia 1\u00ba de setembro, a PPSA realizou semin\u00e1rio para apresentar a oportunidade. As apresenta\u00e7\u00f5es, assim como toda a documenta\u00e7\u00e3o referente ao certame, est\u00e3o dispon\u00edveis no site da empresa.<\/p>\n<p>Fonte: Ag\u00eancia Brasil<\/p>\n","protected":false},"excerpt":{"rendered":"<p>A Pr\u00e9-Sal Petr\u00f3leo (PPSA)) decidiu prorrogar at\u00e9 as 23h59m desta quarta-feira (10) o prazo para manifesta\u00e7\u00f5es ao pr\u00e9-edital do Leil\u00e3o de \u00c1reas N\u00e3o Contratadas das&#8230;<\/p>\n","protected":false},"author":1527,"featured_media":61132,"comment_status":"closed","ping_status":"closed","sticky":false,"template":"","format":"standard","meta":{"footnotes":""},"categories":[6],"tags":[],"class_list":["post-61131","post","type-post","status-publish","format-standard","has-post-thumbnail","hentry","category-noticias"],"_links":{"self":[{"href":"https:\/\/www.sincomam.org.br\/index.php\/wp-json\/wp\/v2\/posts\/61131","targetHints":{"allow":["GET"]}}],"collection":[{"href":"https:\/\/www.sincomam.org.br\/index.php\/wp-json\/wp\/v2\/posts"}],"about":[{"href":"https:\/\/www.sincomam.org.br\/index.php\/wp-json\/wp\/v2\/types\/post"}],"author":[{"embeddable":true,"href":"https:\/\/www.sincomam.org.br\/index.php\/wp-json\/wp\/v2\/users\/1527"}],"replies":[{"embeddable":true,"href":"https:\/\/www.sincomam.org.br\/index.php\/wp-json\/wp\/v2\/comments?post=61131"}],"version-history":[{"count":1,"href":"https:\/\/www.sincomam.org.br\/index.php\/wp-json\/wp\/v2\/posts\/61131\/revisions"}],"predecessor-version":[{"id":61133,"href":"https:\/\/www.sincomam.org.br\/index.php\/wp-json\/wp\/v2\/posts\/61131\/revisions\/61133"}],"wp:featuredmedia":[{"embeddable":true,"href":"https:\/\/www.sincomam.org.br\/index.php\/wp-json\/wp\/v2\/media\/61132"}],"wp:attachment":[{"href":"https:\/\/www.sincomam.org.br\/index.php\/wp-json\/wp\/v2\/media?parent=61131"}],"wp:term":[{"taxonomy":"category","embeddable":true,"href":"https:\/\/www.sincomam.org.br\/index.php\/wp-json\/wp\/v2\/categories?post=61131"},{"taxonomy":"post_tag","embeddable":true,"href":"https:\/\/www.sincomam.org.br\/index.php\/wp-json\/wp\/v2\/tags?post=61131"}],"curies":[{"name":"wp","href":"https:\/\/api.w.org\/{rel}","templated":true}]}}