{"id":61127,"date":"2025-09-08T11:39:52","date_gmt":"2025-09-08T14:39:52","guid":{"rendered":"https:\/\/www.sincomam.org.br\/?p=61127"},"modified":"2025-09-08T11:39:52","modified_gmt":"2025-09-08T14:39:52","slug":"sp-sindicatos-e-movimentos-sociais-se-mobilizam-em-ato-por-soberania","status":"publish","type":"post","link":"https:\/\/www.sincomam.org.br\/index.php\/sp-sindicatos-e-movimentos-sociais-se-mobilizam-em-ato-por-soberania\/","title":{"rendered":"SP: sindicatos e movimentos sociais se mobilizam em ato por soberania"},"content":{"rendered":"<p>Em ato organizado pelos movimentos sociais e centrais sindicais, milhares de pessoas se reuniram neste domingo (7) de manh\u00e3 na Pra\u00e7a da Rep\u00fablica, em S\u00e3o Paulo.<\/p>\n<p>O ato ocupou ainda uma avenida pr\u00f3xima e foi marcado por bandeiras e faixas em favor da soberania popular e de pautas ligadas aos trabalhadores, como o fim da escala 6&#215;1, a isen\u00e7\u00e3o do Imposto de Renda para os que recebem at\u00e9 R$ 5 mil e a taxa\u00e7\u00e3o progressiva, chegando aos mais ricos. A mobiliza\u00e7\u00e3o defendeu ainda posi\u00e7\u00e3o contr\u00e1ria \u00e0 anistia e a interven\u00e7\u00f5es como o tarifa\u00e7o do governo Donald Trump. <\/p>\n<p>\u201cNa mesma hora, estamos ocupando as ruas e as redes para combater o ataque \u00e0 nossa soberania e defender a democracia. Um novo golpe est\u00e1 sendo tramado, que \u00e9 a anistia. E a gente tem que mostrar nas ruas que o povo n\u00e3o quer anistia, e estamos mostrando isso aqui hoje\u201d, disse \u00e0 Ag\u00eancia Brasil o deputado estadual Ant\u00f4nio Donato, lideran\u00e7a do PT na assembleia estadual.<\/p>\n<p>A defesa dessas bandeiras se estendeu a programas do governo e \u00e0 atua\u00e7\u00e3o da Justi\u00e7a. Os discursos lembraram tamb\u00e9m o julgamento de Bolsonaro e dos demais envolvidos na tentativa de golpe de 8 de janeiro, al\u00e9m de citar o governador de S\u00e3o Paulo, Tarc\u00edsio de Freitas, e as mobiliza\u00e7\u00f5es da direita pela anistia. Tamb\u00e9m se manifestaram contra as interven\u00e7\u00f5es dos Estados Unidos no continente, como no discurso de Miguel Torres, dirigente da For\u00e7a Sindical:<\/p>\n<p>\u201cReunimo-nos nas ruas para comemorar essa conquista, mas tamb\u00e9m para reafirmar a luta contra a invas\u00e3o de nosso territ\u00f3rio, a interfer\u00eancia estrangeira em nossa soberania, a impunidade e qualquer projeto de anistia em curso. \u00c9 imperativo que, neste momento crucial, estejamos vigilantes contra pol\u00edticos que negligenciam os interesses da sociedade e conspiram contra o Brasil\u201d, afirmou Torres.<\/p>\n<p>O ato bolsonarista, previsto para esta tarde tamb\u00e9m em S\u00e3o Paulo, foi lembrado pelos presentes, em discursos e nas entrevistas \u00e0 imprensa.<\/p>\n<p>\u201cN\u00e3o h\u00e1 democracia se for aprovada anistia, porque se aprovada \u00e9 uma desmotiva\u00e7\u00e3o para o brasileiro, para o mundo e para a Justi\u00e7a brasileira. Nesse 7 de setembro, felizmente estamos numa democracia que permite tanto a n\u00f3s quanto \u00e0 extrema direita, aliada de Bolsonaro, se manifestar na Paulista, e n\u00f3s na Pra\u00e7a da Rep\u00fablica. Se dependesse deles, tinham dado um golpe no Brasil e n\u00f3s n\u00e3o poder\u00edamos nem sequer nos manifestar\u201d, disse \u00e0 Ag\u00eancia Brasil Ricardo Bonfim, coordenador-geral da Central de Movimentos Populares.<\/p>\n<p>Em rostos, roupas e cores, a mobiliza\u00e7\u00e3o na Pra\u00e7a da Rep\u00fablica teve a presen\u00e7a de militantes de todos os partidos de esquerda, dos mais tradicionais \u00e0s novas agremia\u00e7\u00f5es. Uma das veteranas, Malvina Joana de Lima, pedagoga aposentada, \u00e9 petista h\u00e1 44 anos. Morou 580 dias na vig\u00edlia Lula livre e, por isso mesmo, disse que n\u00e3o tem frio nem chuva que a tire das ruas, mesmo com os seus 72 anos.<\/p>\n<p>\u201cLutamos e resistimos pela nossa p\u00e1tria. O Brasil \u00e9 nosso, e n\u00e3o cabe aos de fora, ao Trump, mandar aqui. Mas, para a semana, estou preparada para fazer festa, n\u00e3o \u00e9 poss\u00edvel que n\u00e3o se pague pelo que tentaram fazer com a nossa democracia\u201d, afirmou.<\/p>\n<p>Outra que acompanhou o ato desde o come\u00e7o da manh\u00e3, Maria das Gra\u00e7as, auxiliar de enfermagem aposentada, considera importante sair \u00e0s ruas em pleno sete de setembro: \u201cVim pela nossa p\u00e1tria, \u00e9 importante estar aqui e mostrar o que queremos. Me chamaram l\u00e1 no movimento, participo do movimento de moradia, vim pois acho importante estar presente, continuar participando e lutando\u201d.<\/p>\n<p>Os ministros Luiz Marinho, do Trabalho, e Paulo Teixeira, do Desenvolvimento Agr\u00e1rio, participaram do ato, representando o presidente Luiz In\u00e1cio Lula da Silva, que acompanhou os desfiles em Bras\u00edlia. <\/p>\n<p>Fonte: Ag\u00eancia Brasil<\/p>\n","protected":false},"excerpt":{"rendered":"<p>Em ato organizado pelos movimentos sociais e centrais sindicais, milhares de pessoas se reuniram neste domingo (7) de manh\u00e3 na Pra\u00e7a da Rep\u00fablica, em S\u00e3o&#8230;<\/p>\n","protected":false},"author":1527,"featured_media":61128,"comment_status":"closed","ping_status":"closed","sticky":false,"template":"","format":"standard","meta":{"footnotes":""},"categories":[6],"tags":[],"class_list":["post-61127","post","type-post","status-publish","format-standard","has-post-thumbnail","hentry","category-noticias"],"_links":{"self":[{"href":"https:\/\/www.sincomam.org.br\/index.php\/wp-json\/wp\/v2\/posts\/61127","targetHints":{"allow":["GET"]}}],"collection":[{"href":"https:\/\/www.sincomam.org.br\/index.php\/wp-json\/wp\/v2\/posts"}],"about":[{"href":"https:\/\/www.sincomam.org.br\/index.php\/wp-json\/wp\/v2\/types\/post"}],"author":[{"embeddable":true,"href":"https:\/\/www.sincomam.org.br\/index.php\/wp-json\/wp\/v2\/users\/1527"}],"replies":[{"embeddable":true,"href":"https:\/\/www.sincomam.org.br\/index.php\/wp-json\/wp\/v2\/comments?post=61127"}],"version-history":[{"count":1,"href":"https:\/\/www.sincomam.org.br\/index.php\/wp-json\/wp\/v2\/posts\/61127\/revisions"}],"predecessor-version":[{"id":61129,"href":"https:\/\/www.sincomam.org.br\/index.php\/wp-json\/wp\/v2\/posts\/61127\/revisions\/61129"}],"wp:featuredmedia":[{"embeddable":true,"href":"https:\/\/www.sincomam.org.br\/index.php\/wp-json\/wp\/v2\/media\/61128"}],"wp:attachment":[{"href":"https:\/\/www.sincomam.org.br\/index.php\/wp-json\/wp\/v2\/media?parent=61127"}],"wp:term":[{"taxonomy":"category","embeddable":true,"href":"https:\/\/www.sincomam.org.br\/index.php\/wp-json\/wp\/v2\/categories?post=61127"},{"taxonomy":"post_tag","embeddable":true,"href":"https:\/\/www.sincomam.org.br\/index.php\/wp-json\/wp\/v2\/tags?post=61127"}],"curies":[{"name":"wp","href":"https:\/\/api.w.org\/{rel}","templated":true}]}}