{"id":61115,"date":"2025-09-08T11:33:02","date_gmt":"2025-09-08T14:33:02","guid":{"rendered":"https:\/\/www.sincomam.org.br\/?p=61115"},"modified":"2025-09-08T11:33:02","modified_gmt":"2025-09-08T14:33:02","slug":"o-padrao-de-biocombustiveis-esta-entre-definicoes-pendentes-das-diretrizes-da-imo","status":"publish","type":"post","link":"https:\/\/www.sincomam.org.br\/index.php\/o-padrao-de-biocombustiveis-esta-entre-definicoes-pendentes-das-diretrizes-da-imo\/","title":{"rendered":"O padr\u00e3o de biocombust\u00edveis est\u00e1 entre defini\u00e7\u00f5es pendentes das diretrizes da IMO"},"content":{"rendered":"<p><span dir=\"auto\">A representa\u00e7\u00e3o brasileira que acompanha os trabalhos dos grupos da Organiza\u00e7\u00e3o Mar\u00edtima Internacional (IMO) sobre descarboniza\u00e7\u00e3o do transporte mar\u00edtimo acredita que, em outubro pr\u00f3ximo, haver\u00e1 a ado\u00e7\u00e3o de cerca de 16 diretrizes (guidelines\u00a0<\/span><em><span dir=\"auto\">)<\/span><\/em><span dir=\"auto\">\u00a0para a entrada em vigor das medidas t\u00e9cnicas e econ\u00f4micas do cap\u00edtulo 5 do anexo VI da Marpol (Conven\u00e7\u00e3o Internacional para a Preven\u00e7\u00e3o da Polui\u00e7\u00e3o por Navios), aprovada em abril deste ano no \u00faltimo encontro do Comit\u00ea de Prote\u00e7\u00e3o do Meio Ambiente Marinho (MEPC 83). A expectativa \u00e9 que n\u00e3o haja contesta\u00e7\u00e3o por mais de um ter\u00e7o dos 176 estados-membros da ag\u00eancia da Organiza\u00e7\u00e3o das Na\u00e7\u00f5es Unidas (ONU). Entre os temas pendentes na elabora\u00e7\u00e3o do texto est\u00e3o defini\u00e7\u00f5es ligadas aos padr\u00f5es de produ\u00e7\u00e3o e de emiss\u00e3o de biocombust\u00edveis.<\/span><\/p>\n<p><span dir=\"auto\">O intervalo de seis meses, entre abril e outubro, \u00e9 previsto pelo regimento da IMO para que os membros tomem conhecimento dessa cesta de medidas do texto do cap\u00edtulo 5 do anexo VI da Marpol. Se n\u00e3o houver questionamento de um ter\u00e7o dos pa\u00edses, o equivalente a 50% da tonelagem bruta em atividade globalmente, o texto ser\u00e1 considerado adotado. As medidas dever\u00e3o entrar em vigor em 2027 e a preven\u00e7\u00e3o de emiss\u00f5es ocorrer\u00e1 a partir de 2028.<\/span><\/p>\n<p><span dir=\"auto\">A minuta das diretrizes de\u00a0\u00a0<\/span><em><span dir=\"auto\">execu\u00e7\u00e3o<\/span><\/em><span dir=\"auto\">\u00a0\u00a0consiste no detalhamento dos procedimentos de entrada em vigor. \u201cOs Estados est\u00e3o escrevendo,\u00a0\u00a0<\/span><em><span dir=\"auto\">[o texto]<\/span><\/em><span dir=\"auto\"> \u00a0vai ser submetido em outubro (2025) e deve ficar aprovado em abril de 2026\u2033, disse <\/span><span dir=\"auto\">\u00a0o coordenador do Comit\u00ea de Prote\u00e7\u00e3o do Meio Ambiente Mar\u00edtimo (MEPC) no Brasil e da Secretaria Executiva para os assuntos da Organiza\u00e7\u00e3o Mar\u00edtima Internacional (Sec-IMO\/DPC), CMG Fernando Alberto Costa.<\/span><\/p>\n<p><span dir=\"auto\">Ele conta que, para os biocombust\u00edveis, ainda falta na resolu\u00e7\u00e3o de diretrizes a quest\u00e3o da abordagem qualitativa da mudan\u00e7a do uso da terra para produ\u00e7\u00e3o de biomassa e dos valores de emiss\u00e3o dos biocombust\u00edveis produzidos no Brasil, que s\u00e3o diferentes da Europa e dos Estados Unidos. &#8220;A ind\u00fastria de biocombust\u00edveis est\u00e1 submetendo as rotas, que v\u00e3o implicar num valor de emiss\u00e3o, que ser\u00e1 o &#8216;r\u00f3tulo&#8217; do nosso biocombust\u00edvel. Faltam esses dois aspectos que ainda estamos bastante preocupados&#8221;, pontua Costa.<\/span><\/p>\n<p><span dir=\"auto\">Sobre os questionamentos feitos em agosto pelos Estados Unidos sobre a estrutura &#8216;\u00a0<\/span><em><span dir=\"auto\">Net-Zero Framework<\/span><\/em><span dir=\"auto\">\u00a0&#8216; da IMO, a qual o governo Trump manifestou publicamente que considera um &#8216;\u00a0<\/span><span dir=\"auto\">imposto global sobre o carbono cobrado dos americanos<\/span><span dir=\"auto\">\u00a0\u00a0por uma organiza\u00e7\u00e3o das Na\u00e7\u00f5es Unidas que n\u00e3o possui presta\u00e7\u00e3o de contas&#8217;, Costa disse que \u00e9 uma quest\u00e3o da para a IMO se manifestar formalmente. Ele ponderou que, em termos t\u00e9cnicos, o fundo foi aprovado num dos artigos do cap\u00edtulo 5 para ser destinado a todas as cobran\u00e7as de navios que emitem mais do que o permitido.<\/span><\/p>\n<p><span dir=\"auto\">Costa ressaltou que havia um n\u00edvel m\u00e1ximo de emiss\u00e3o anual, a partir de 2028, com crit\u00e9rios progressivos at\u00e9 2050, por meio de quais navios que emitirem a mais ter\u00e3o valor a ser pago emiss\u00e3o num menor al\u00e9m do que \u00e9 permitido, variando de US$ 100 a US$ 380 por tonelada de CO2 equivalente. Segundo o coordenador, esses recursos v\u00e3o para esse fundo, que ter\u00e3o destinos previamente imaginados: investimentos em tecnologia, combust\u00edveis e infraestrutura, capacita\u00e7\u00e3o de tripula\u00e7\u00e3o e mitiga\u00e7\u00e3o de algum tipo de impacto de qualidades desproporcionais que ocorrem.<\/span><\/p>\n<p><span dir=\"auto\">&#8220;Temos visto na m\u00eddia questionamentos sobre as medidas, mas elas n\u00e3o s\u00e3o contra a soberania. Elas se aplicam \u00e0 navega\u00e7\u00e3o comercial internacional e aos navios exclusivos em acordo ou desacordo \u00e0s normas aprovadas. \u00c9 quest\u00e3o de cumprimento das normas (cesta de medidas) por parte das embarca\u00e7\u00f5es&#8221;, frisou.<\/span><\/p>\n<p><span dir=\"auto\">Ele explicou que a estrutura do fundo j\u00e1 foi aprovada, mas ainda falta definir a porcentagem para cada destino dos recursos. \u201cN\u00e3o \u00e9 uma tributa\u00e7\u00e3o de consumo, \u00e9 tributa\u00e7\u00e3o sobre a emiss\u00e3o de um fundo aprovado dentro do cap\u00edtulo 5 do anexo VI da Marpol por vota\u00e7\u00e3o dos estados membros \u00e0 IMO\u201d, acrescentou Costa.<\/span><\/p>\n<p><span dir=\"auto\">A sess\u00e3o extraordin\u00e1ria do Comit\u00ea de Prote\u00e7\u00e3o do Meio Ambiente Marinho da Organiza\u00e7\u00e3o Mar\u00edtima Internacional (MEPC\/ES.2) est\u00e1 marcada para o per\u00edodo de 14 a 17 de outubro, na sede da IMO em Londres. O coordenador do MEPC no Brasil destacou que as aprova\u00e7\u00f5es, por consenso ou por vota\u00e7\u00e3o, s\u00e3o historicamente a metodologia normal dos trabalhos da IMO. &#8220;\u00c9 um trabalho grande para que todos os detalhes das a\u00e7\u00f5es necess\u00e1rias \u00e0 implementa\u00e7\u00e3o sejam escritas. Eles ser\u00e3o submetidos em outubro e devem ser apreciados e aprovados no MEPC 84, em maio de 2026&#8221;, projetou Costa.<\/span><\/p>\n<p><span dir=\"auto\">Fonte:\u00a0<\/span><span dir=\"auto\">Revista Portos e Navios<\/span><\/p>\n","protected":false},"excerpt":{"rendered":"<p>A representa\u00e7\u00e3o brasileira que acompanha os trabalhos dos grupos da Organiza\u00e7\u00e3o Mar\u00edtima Internacional (IMO) sobre descarboniza\u00e7\u00e3o do transporte mar\u00edtimo acredita que, em outubro pr\u00f3ximo, haver\u00e1&#8230;<\/p>\n","protected":false},"author":1527,"featured_media":61116,"comment_status":"closed","ping_status":"closed","sticky":false,"template":"","format":"standard","meta":{"footnotes":""},"categories":[6],"tags":[],"class_list":["post-61115","post","type-post","status-publish","format-standard","has-post-thumbnail","hentry","category-noticias"],"_links":{"self":[{"href":"https:\/\/www.sincomam.org.br\/index.php\/wp-json\/wp\/v2\/posts\/61115","targetHints":{"allow":["GET"]}}],"collection":[{"href":"https:\/\/www.sincomam.org.br\/index.php\/wp-json\/wp\/v2\/posts"}],"about":[{"href":"https:\/\/www.sincomam.org.br\/index.php\/wp-json\/wp\/v2\/types\/post"}],"author":[{"embeddable":true,"href":"https:\/\/www.sincomam.org.br\/index.php\/wp-json\/wp\/v2\/users\/1527"}],"replies":[{"embeddable":true,"href":"https:\/\/www.sincomam.org.br\/index.php\/wp-json\/wp\/v2\/comments?post=61115"}],"version-history":[{"count":1,"href":"https:\/\/www.sincomam.org.br\/index.php\/wp-json\/wp\/v2\/posts\/61115\/revisions"}],"predecessor-version":[{"id":61117,"href":"https:\/\/www.sincomam.org.br\/index.php\/wp-json\/wp\/v2\/posts\/61115\/revisions\/61117"}],"wp:featuredmedia":[{"embeddable":true,"href":"https:\/\/www.sincomam.org.br\/index.php\/wp-json\/wp\/v2\/media\/61116"}],"wp:attachment":[{"href":"https:\/\/www.sincomam.org.br\/index.php\/wp-json\/wp\/v2\/media?parent=61115"}],"wp:term":[{"taxonomy":"category","embeddable":true,"href":"https:\/\/www.sincomam.org.br\/index.php\/wp-json\/wp\/v2\/categories?post=61115"},{"taxonomy":"post_tag","embeddable":true,"href":"https:\/\/www.sincomam.org.br\/index.php\/wp-json\/wp\/v2\/tags?post=61115"}],"curies":[{"name":"wp","href":"https:\/\/api.w.org\/{rel}","templated":true}]}}