{"id":61112,"date":"2025-09-08T11:28:46","date_gmt":"2025-09-08T14:28:46","guid":{"rendered":"https:\/\/www.sincomam.org.br\/?p=61112"},"modified":"2025-09-08T11:28:46","modified_gmt":"2025-09-08T14:28:46","slug":"do-pre-sal-aos-cabos-submarinos-tesouros-e-riscos-do-atlantico-sul","status":"publish","type":"post","link":"https:\/\/www.sincomam.org.br\/index.php\/do-pre-sal-aos-cabos-submarinos-tesouros-e-riscos-do-atlantico-sul\/","title":{"rendered":"Do pr\u00e9-sal aos cabos submarinos: tesouros e riscos do Atl\u00e2ntico Sul"},"content":{"rendered":"<p data-start=\"209\" data-end=\"588\">Petr\u00f3leo, g\u00e1s, biodiversidade marinha e comunica\u00e7\u00f5es digitais: o\u00a0Atl\u00e2ntico Sul\u00a0concentra riquezas que sustentam a economia brasileira. Mas tamb\u00e9m esconde vulnerabilidades. A seguran\u00e7a do\u00a0pr\u00e9-sal\u00a0e dos\u00a0cabos submarinos\u00a0\u00e9 hoje t\u00e3o importante quanto a defesa das fronteiras terrestres. O desafio \u00e9 transformar esse patrim\u00f4nio em poder estrat\u00e9gico e n\u00e3o em fragilidade.<\/p>\n<h2 data-start=\"595\" data-end=\"644\">O pr\u00e9-sal e a seguran\u00e7a energ\u00e9tica do Brasil<\/h2>\n<p data-start=\"646\" data-end=\"1045\">O\u00a0pr\u00e9-sal\u00a0\u00e9 um dos maiores trunfos energ\u00e9ticos do\u00a0Brasil. Localizado em \u00e1guas profundas e ultraprofundas do Atl\u00e2ntico, ele responde por mais de\u00a070% da produ\u00e7\u00e3o nacional de petr\u00f3leo, consolidando o pa\u00eds como um dos maiores produtores globais. Al\u00e9m de garantir\u00a0autossufici\u00eancia energ\u00e9tica, o pr\u00e9-sal \u00e9 vital para a balan\u00e7a comercial, sustentando grande parte das exporta\u00e7\u00f5es brasileiras.<\/p>\n<p data-start=\"1047\" data-end=\"1414\">Entretanto, sua explora\u00e7\u00e3o traz riscos estrat\u00e9gicos. Plataformas em alto-mar s\u00e3o vulner\u00e1veis a acidentes ambientais, ataques cibern\u00e9ticos e at\u00e9 mesmo a\u00a0sabotagens ou press\u00f5es externas\u00a0em cen\u00e1rios de crise internacional. A prote\u00e7\u00e3o dessas \u00e1reas exige presen\u00e7a constante da\u00a0Marinha do Brasil, al\u00e9m de investimentos em monitoramento tecnol\u00f3gico e defesa naval.<\/p>\n<p data-start=\"1416\" data-end=\"1581\">Assim, o pr\u00e9-sal \u00e9 simultaneamente riqueza e vulnerabilidade: um ativo que pode alavancar o Brasil, mas que precisa ser defendido como parte da soberania nacional.<\/p>\n<h2 data-start=\"1588\" data-end=\"1639\">Cabos submarinos: as art\u00e9rias digitais do pa\u00eds<\/h2>\n<p data-start=\"1641\" data-end=\"1931\">Menos vis\u00edveis que as plataformas de petr\u00f3leo, os\u00a0cabos submarinos de fibra \u00f3ptica\u00a0s\u00e3o t\u00e3o estrat\u00e9gicos quanto. Respons\u00e1veis por\u00a095% do tr\u00e1fego mundial de internet, eles conectam o Brasil ao restante do mundo e s\u00e3o fundamentais para comunica\u00e7\u00f5es, finan\u00e7as e seguran\u00e7a cibern\u00e9tica.<\/p>\n<p data-start=\"1933\" data-end=\"2222\">Essas estruturas, por\u00e9m, s\u00e3o altamente vulner\u00e1veis. Est\u00e3o sujeitas a falhas t\u00e9cnicas, mas tamb\u00e9m a\u00a0ataques intencionais, sabotagens e espionagem. Em um cen\u00e1rio de guerras h\u00edbridas e disputas digitais, proteger os cabos \u00e9 t\u00e3o importante quanto defender oleodutos ou usinas de energia.<\/p>\n<p data-start=\"2224\" data-end=\"2468\">A falta de aten\u00e7\u00e3o a esses ativos pode colocar em risco desde o sistema banc\u00e1rio at\u00e9 a infraestrutura de\u00a0defesa nacional. Nesse sentido, o Brasil precisa tratar os cabos submarinos como parte essencial de sua\u00a0soberania digital e mar\u00edtima.<\/p>\n<h2 data-start=\"2475\" data-end=\"2522\">O Atl\u00e2ntico Sul como tabuleiro geopol\u00edtico<\/h2>\n<p data-start=\"2524\" data-end=\"2866\">Se antes era visto como uma regi\u00e3o perif\u00e9rica, o\u00a0Atl\u00e2ntico Sul\u00a0vem se consolidando como um tabuleiro geopol\u00edtico de crescente relev\u00e2ncia. Nele convergem rotas comerciais, corredores energ\u00e9ticos e cabos de comunica\u00e7\u00e3o. O interesse de pot\u00eancias externas pela regi\u00e3o aumentou, refletindo a import\u00e2ncia estrat\u00e9gica de seus recursos e rotas.<\/p>\n<p data-start=\"2868\" data-end=\"3278\">A\u00a0Marinha do Brasil\u00a0desempenha papel central nessa equa\u00e7\u00e3o. Projetos como o\u00a0PROSUB\u00a0(submarino nuclear) e as\u00a0fragatas Classe Tamandar\u00e9\u00a0buscam ampliar a capacidade de dissuas\u00e3o e garantir presen\u00e7a efetiva no Atl\u00e2ntico Sul. Al\u00e9m da dimens\u00e3o militar, o pa\u00eds precisa articular parcerias diplom\u00e1ticas no eixo\u00a0Am\u00e9rica do Sul\u2013\u00c1frica, refor\u00e7ando o Atl\u00e2ntico como espa\u00e7o de coopera\u00e7\u00e3o e n\u00e3o de disputa.<\/p>\n<p data-start=\"3280\" data-end=\"3473\">Para o Brasil, garantir o controle do Atl\u00e2ntico Sul significa assegurar n\u00e3o apenas o futuro energ\u00e9tico e digital, mas tamb\u00e9m projetar poder em uma das regi\u00f5es mais estrat\u00e9gicas do s\u00e9culo XXI.<\/p>\n<h2 data-start=\"3480\" data-end=\"3494\">Conclus\u00e3o<\/h2>\n<p data-start=\"3496\" data-end=\"3807\">O\u00a0Atl\u00e2ntico Sul\u00a0\u00e9 muito mais do que\u00a0mar territorial: \u00e9 uma fronteira estrat\u00e9gica que re\u00fane riquezas vitais e riscos crescentes. Do\u00a0pr\u00e9-sal\u00a0que sustenta a economia, aos\u00a0cabos submarinos\u00a0que garantem a comunica\u00e7\u00e3o digital, o Brasil depende diretamente dessa imensid\u00e3o azul para manter sua soberania.<\/p>\n<p data-start=\"3809\" data-end=\"4091\">Seguindo a l\u00f3gica de Mahan, quem controla o mar controla o poder. Para o Brasil, isso significa que investir em defesa naval e prote\u00e7\u00e3o tecnol\u00f3gica \u00e9 t\u00e3o importante quanto preservar suas fronteiras em terra firme. O Atl\u00e2ntico Sul \u00e9 o futuro \u2014 e o Brasil precisa trat\u00e1-lo como tal.<\/p>\n<p data-start=\"3809\" data-end=\"4091\">Fonte: Defesa em Foco<\/p>\n","protected":false},"excerpt":{"rendered":"<p>Petr\u00f3leo, g\u00e1s, biodiversidade marinha e comunica\u00e7\u00f5es digitais: o\u00a0Atl\u00e2ntico Sul\u00a0concentra riquezas que sustentam a economia brasileira. Mas tamb\u00e9m esconde vulnerabilidades. A seguran\u00e7a do\u00a0pr\u00e9-sal\u00a0e dos\u00a0cabos submarinos\u00a0\u00e9 hoje&#8230;<\/p>\n","protected":false},"author":1527,"featured_media":61113,"comment_status":"closed","ping_status":"closed","sticky":false,"template":"","format":"standard","meta":{"footnotes":""},"categories":[6],"tags":[],"class_list":["post-61112","post","type-post","status-publish","format-standard","has-post-thumbnail","hentry","category-noticias"],"_links":{"self":[{"href":"https:\/\/www.sincomam.org.br\/index.php\/wp-json\/wp\/v2\/posts\/61112","targetHints":{"allow":["GET"]}}],"collection":[{"href":"https:\/\/www.sincomam.org.br\/index.php\/wp-json\/wp\/v2\/posts"}],"about":[{"href":"https:\/\/www.sincomam.org.br\/index.php\/wp-json\/wp\/v2\/types\/post"}],"author":[{"embeddable":true,"href":"https:\/\/www.sincomam.org.br\/index.php\/wp-json\/wp\/v2\/users\/1527"}],"replies":[{"embeddable":true,"href":"https:\/\/www.sincomam.org.br\/index.php\/wp-json\/wp\/v2\/comments?post=61112"}],"version-history":[{"count":1,"href":"https:\/\/www.sincomam.org.br\/index.php\/wp-json\/wp\/v2\/posts\/61112\/revisions"}],"predecessor-version":[{"id":61114,"href":"https:\/\/www.sincomam.org.br\/index.php\/wp-json\/wp\/v2\/posts\/61112\/revisions\/61114"}],"wp:featuredmedia":[{"embeddable":true,"href":"https:\/\/www.sincomam.org.br\/index.php\/wp-json\/wp\/v2\/media\/61113"}],"wp:attachment":[{"href":"https:\/\/www.sincomam.org.br\/index.php\/wp-json\/wp\/v2\/media?parent=61112"}],"wp:term":[{"taxonomy":"category","embeddable":true,"href":"https:\/\/www.sincomam.org.br\/index.php\/wp-json\/wp\/v2\/categories?post=61112"},{"taxonomy":"post_tag","embeddable":true,"href":"https:\/\/www.sincomam.org.br\/index.php\/wp-json\/wp\/v2\/tags?post=61112"}],"curies":[{"name":"wp","href":"https:\/\/api.w.org\/{rel}","templated":true}]}}