{"id":61095,"date":"2025-09-05T12:22:50","date_gmt":"2025-09-05T15:22:50","guid":{"rendered":"https:\/\/www.sincomam.org.br\/?p=61095"},"modified":"2025-09-05T12:22:50","modified_gmt":"2025-09-05T15:22:50","slug":"governo-lanca-programa-amazonia-azul-para-impulsionar-economia-do-mar-e-comunidades-costeiras","status":"publish","type":"post","link":"https:\/\/www.sincomam.org.br\/index.php\/governo-lanca-programa-amazonia-azul-para-impulsionar-economia-do-mar-e-comunidades-costeiras\/","title":{"rendered":"Governo lan\u00e7a Programa Amaz\u00f4nia Azul para impulsionar economia do mar e comunidades costeiras"},"content":{"rendered":"<p data-start=\"193\" data-end=\"562\">De redes de pesca artesanal a projetos de turismo comunit\u00e1rio, a vida nas cidades costeiras pode ganhar novo f\u00f4lego. Nesta ter\u00e7a-feira (2), o\u00a0Minist\u00e9rio da Integra\u00e7\u00e3o e do Desenvolvimento Regional (MIDR)\u00a0apresentou a minuta do\u00a0Programa Amaz\u00f4nia Azul, iniciativa que pretende transformar atividades ligadas ao mar em vetores de desenvolvimento sustent\u00e1vel.<\/p>\n<h2 data-start=\"569\" data-end=\"617\">Estrutura e eixos do Programa Amaz\u00f4nia Azul<\/h2>\n<p data-start=\"618\" data-end=\"963\">O\u00a0Programa Amaz\u00f4nia Azul\u00a0foi concebido como uma pol\u00edtica p\u00fablica de car\u00e1ter interministerial, com execu\u00e7\u00e3o articulada entre Uni\u00e3o, estados e munic\u00edpios. O ponto central \u00e9 a\u00a0Agenda Plurianual de A\u00e7\u00f5es Integradas, prevista para vigorar entre\u00a02026 e 2028, com revis\u00f5es peri\u00f3dicas adaptadas \u00e0s necessidades de cada territ\u00f3rio costeiro.<\/p>\n<p data-start=\"965\" data-end=\"1017\">Entre os\u00a0<strong data-start=\"974\" data-end=\"996\">eixos estrat\u00e9gicos<\/strong>\u00a0do programa est\u00e3o:<\/p>\n<ul data-start=\"1018\" data-end=\"1366\">\n<li data-start=\"1018\" data-end=\"1096\">\n<p data-start=\"1020\" data-end=\"1096\"><strong data-start=\"1020\" data-end=\"1039\">Pesca artesanal<\/strong>: fortalecimento da produ\u00e7\u00e3o local e acesso a mercados.<\/p>\n<\/li>\n<li data-start=\"1097\" data-end=\"1182\">\n<p data-start=\"1099\" data-end=\"1182\"><strong data-start=\"1099\" data-end=\"1123\">Aquicultura familiar<\/strong>: incentivo a pequenas produ\u00e7\u00f5es sustent\u00e1veis de pescado.<\/p>\n<\/li>\n<li data-start=\"1183\" data-end=\"1271\">\n<p data-start=\"1185\" data-end=\"1271\"><strong data-start=\"1185\" data-end=\"1216\">Turismo de base comunit\u00e1ria<\/strong>: valoriza\u00e7\u00e3o de experi\u00eancias culturais e ambientais.<\/p>\n<\/li>\n<li data-start=\"1272\" data-end=\"1366\">\n<p data-start=\"1274\" data-end=\"1366\"><strong data-start=\"1274\" data-end=\"1298\">Bioeconomia costeira<\/strong>: uso sustent\u00e1vel da biodiversidade marinha em cadeias produtivas.<\/p>\n<\/li>\n<\/ul>\n<p data-start=\"1368\" data-end=\"1576\">Para viabilizar as a\u00e7\u00f5es, o Governo Federal utilizar\u00e1 recursos do\u00a0Or\u00e7amento Geral da Uni\u00e3o (OGU),\u00a0fundos constitucionais de financiamento regional, opera\u00e7\u00f5es do\u00a0BNDES e parcerias internacionais.<\/p>\n<h2 data-start=\"1583\" data-end=\"1638\">Impacto para comunidades tradicionais e litor\u00e2neas<\/h2>\n<p data-start=\"1639\" data-end=\"1956\">O programa foi desenhado para atender munic\u00edpios com alta\u00a0depend\u00eancia econ\u00f4mica das atividades do mar\u00a0e elevados indicadores de vulnerabilidade social. Neles, a pesca artesanal, o turismo e a produ\u00e7\u00e3o familiar s\u00e3o n\u00e3o apenas fontes de renda, mas tamb\u00e9m parte essencial da\u00a0identidade cultural\u00a0das popula\u00e7\u00f5es.<\/p>\n<p data-start=\"1958\" data-end=\"2276\">Ao incorporar a participa\u00e7\u00e3o das comunidades na formula\u00e7\u00e3o e execu\u00e7\u00e3o das pol\u00edticas, o\u00a0Programa\u00a0Amaz\u00f4nia Azul\u00a0busca garantir protagonismo local. Segundo o diretor do DGINF\/MIDR, Vicente Lima, \u201ca estrat\u00e9gia reconhece a import\u00e2ncia social, cultural e econ\u00f4mica das comunidades que vivem do mar e da zona costeira\u201d.<\/p>\n<p data-start=\"2278\" data-end=\"2497\">A expectativa \u00e9 que o programa amplie o acesso \u00e0\u00a0inclus\u00e3o produtiva, gere empregos sustent\u00e1veis e reduza desigualdades regionais, oferecendo novas perspectivas principalmente para jovens e fam\u00edlias de baixa renda.<\/p>\n<h2 data-start=\"2504\" data-end=\"2546\">Dimens\u00e3o estrat\u00e9gica da Amaz\u00f4nia Azul<\/h2>\n<p data-start=\"2547\" data-end=\"2876\">Mais do que uma pol\u00edtica social e econ\u00f4mica, o\u00a0Programa Amaz\u00f4nia Azul\u00a0possui relev\u00e2ncia estrat\u00e9gica para o\u00a0Brasil. A chamada\u00a0Amaz\u00f4nia Azul\u00a0corresponde a mais de 5,7 milh\u00f5es de km\u00b2 de \u00e1guas jurisdicionais, \u00e1rea vital tanto para a\u00a0defesa e soberania mar\u00edtima\u00a0quanto para a explora\u00e7\u00e3o sustent\u00e1vel de recursos naturais.<\/p>\n<p data-start=\"2878\" data-end=\"3248\">Ao integrar\u00a0desenvolvimento regional, preserva\u00e7\u00e3o ambiental e adapta\u00e7\u00e3o clim\u00e1tica, o programa pode colocar o Brasil em posi\u00e7\u00e3o de destaque nas discuss\u00f5es globais sobre\u00a0economia do mar e mudan\u00e7as clim\u00e1ticas. A proposta dialoga com compromissos internacionais de sustentabilidade e refor\u00e7a a imagem do Pa\u00eds como ator comprometido com a\u00a0agenda socioambiental.<\/p>\n<p data-start=\"3250\" data-end=\"3567\">Com a aprova\u00e7\u00e3o prevista para esta semana pelo Comit\u00ea-Executivo da C\u00e2mara de Pol\u00edticas de Integra\u00e7\u00e3o Nacional e Desenvolvimento Regional, o Governo dar\u00e1 in\u00edcio \u00e0 execu\u00e7\u00e3o do programa, consolidando uma estrat\u00e9gia que pretende transformar o litoral brasileiro em refer\u00eancia mundial de\u00a0economia sustent\u00e1vel do mar.<\/p>\n<p data-start=\"3250\" data-end=\"3567\">Fonte: Defesa em Foco<\/p>\n","protected":false},"excerpt":{"rendered":"<p>De redes de pesca artesanal a projetos de turismo comunit\u00e1rio, a vida nas cidades costeiras pode ganhar novo f\u00f4lego. Nesta ter\u00e7a-feira (2), o\u00a0Minist\u00e9rio da Integra\u00e7\u00e3o&#8230;<\/p>\n","protected":false},"author":1527,"featured_media":61096,"comment_status":"closed","ping_status":"closed","sticky":false,"template":"","format":"standard","meta":{"footnotes":""},"categories":[6],"tags":[],"class_list":["post-61095","post","type-post","status-publish","format-standard","has-post-thumbnail","hentry","category-noticias"],"_links":{"self":[{"href":"https:\/\/www.sincomam.org.br\/index.php\/wp-json\/wp\/v2\/posts\/61095","targetHints":{"allow":["GET"]}}],"collection":[{"href":"https:\/\/www.sincomam.org.br\/index.php\/wp-json\/wp\/v2\/posts"}],"about":[{"href":"https:\/\/www.sincomam.org.br\/index.php\/wp-json\/wp\/v2\/types\/post"}],"author":[{"embeddable":true,"href":"https:\/\/www.sincomam.org.br\/index.php\/wp-json\/wp\/v2\/users\/1527"}],"replies":[{"embeddable":true,"href":"https:\/\/www.sincomam.org.br\/index.php\/wp-json\/wp\/v2\/comments?post=61095"}],"version-history":[{"count":1,"href":"https:\/\/www.sincomam.org.br\/index.php\/wp-json\/wp\/v2\/posts\/61095\/revisions"}],"predecessor-version":[{"id":61097,"href":"https:\/\/www.sincomam.org.br\/index.php\/wp-json\/wp\/v2\/posts\/61095\/revisions\/61097"}],"wp:featuredmedia":[{"embeddable":true,"href":"https:\/\/www.sincomam.org.br\/index.php\/wp-json\/wp\/v2\/media\/61096"}],"wp:attachment":[{"href":"https:\/\/www.sincomam.org.br\/index.php\/wp-json\/wp\/v2\/media?parent=61095"}],"wp:term":[{"taxonomy":"category","embeddable":true,"href":"https:\/\/www.sincomam.org.br\/index.php\/wp-json\/wp\/v2\/categories?post=61095"},{"taxonomy":"post_tag","embeddable":true,"href":"https:\/\/www.sincomam.org.br\/index.php\/wp-json\/wp\/v2\/tags?post=61095"}],"curies":[{"name":"wp","href":"https:\/\/api.w.org\/{rel}","templated":true}]}}