{"id":61041,"date":"2025-09-03T11:34:48","date_gmt":"2025-09-03T14:34:48","guid":{"rendered":"https:\/\/www.sincomam.org.br\/?p=61041"},"modified":"2025-09-04T13:45:40","modified_gmt":"2025-09-04T16:45:40","slug":"revisao-da-nr-1-tem-impacto-direto-para-profissionais-e-empresas-do-setor-logistico","status":"publish","type":"post","link":"https:\/\/www.sincomam.org.br\/index.php\/revisao-da-nr-1-tem-impacto-direto-para-profissionais-e-empresas-do-setor-logistico\/","title":{"rendered":"Revis\u00e3o da NR-1 tem impacto direto para profissionais e empresas do setor log\u00edstico"},"content":{"rendered":"<p>De acordo com dados do Minist\u00e9rio da Previd\u00eancia Social (MPS), em 2024 foram registradas mais de 472 mil licen\u00e7as m\u00e9dicas concedidas para afastamentos de trabalho por ansiedade e depress\u00e3o, registrando um crescimento de 68% em rela\u00e7\u00e3o ao ano anterior e destacando-se como o maior n\u00famero desde 2014. Esse cen\u00e1rio impacta diretamente o setor log\u00edstico, que depende de equipes operacionais e administrativas em constante ritmo de produtividade e coordena\u00e7\u00e3o. A sa\u00fade mental, portanto, vem deixando de ser uma pauta apenas de recursos humanos para se tornar um fator determinante de efici\u00eancia, seguran\u00e7a e continuidade dos servi\u00e7os.<\/p>\n<p>Com a recente revis\u00e3o da Norma Regulamentadora 1 (NR-1), cuidar da sa\u00fade mental dos colaboradores deixou de ser uma op\u00e7\u00e3o para as empresas e tornou-se obriga\u00e7\u00e3o legal. A principal altera\u00e7\u00e3o da norma est\u00e1 em exigir que os riscos psicossociais passem a integrar o Programa de Gerenciamento de Riscos (PGR), promovendo uma mudan\u00e7a significativa ao inclu\u00ed-los entre as responsabilidades obrigat\u00f3rias das companhias. O descumprimento pode gerar multas, fiscaliza\u00e7\u00f5es, interdi\u00e7\u00f5es e at\u00e9 responsabiliza\u00e7\u00f5es trabalhistas, civis e criminais, colocando em risco a continuidade das opera\u00e7\u00f5es.<\/p>\n<p>No entanto, diante destas mudan\u00e7as, setores de alta press\u00e3o, est\u00e3o diante de um marco regulat\u00f3rio que al\u00e9m de impor desafios, revela oportunidades para transformar a gest\u00e3o de pessoas em uma vantagem competitiva. Essa exig\u00eancia abre espa\u00e7o para uma mudan\u00e7a cultural onde organiza\u00e7\u00f5es que investem em preven\u00e7\u00e3o, em protocolos de acolhimento e na capacita\u00e7\u00e3o de l\u00edderes, colher\u00e3o resultados n\u00e3o apenas em conformidade legal, mas tamb\u00e9m em efici\u00eancia operacional.<\/p>\n<p>Para isso, sa\u00fade mental e produtividade n\u00e3o podem ser vistas como dimens\u00f5es separadas, colaboradores emocionalmente equilibrados s\u00e3o mais engajados, resilientes e colaborativos, qualidades fundamentais para lidar com a complexidade operacional em setores que exigem precis\u00e3o e agilidade, como \u00e9 o caso do setor log\u00edstico.<\/p>\n<p><strong>Sa\u00fade mental e log\u00edstica de alto desempenho<\/strong><\/p>\n<p>Na navega\u00e7\u00e3o, as equipes em terra e a bordo devem ser treinadas para identificar sinais de esgotamento mental e atuar de maneira humanizada. Nesse contexto, canais de escuta ativa e sigilosos cumprem um papel essencial ao permitir que colaboradores relatem dificuldades sem receio ou estigma.<\/p>\n<p>Diante disto, a revis\u00e3o da NR-1 pode ser um divisor de \u00e1guas para o setor. Ao incorporar o cuidado com a sa\u00fade mental \u00e0s pr\u00e1ticas de gest\u00e3o, as empresas deixam de tratar o tema como despesa e passam a reconhec\u00ea-lo como investimento estrat\u00e9gico, capaz de gerar efici\u00eancia, seguran\u00e7a, al\u00e9m de outros diferenciais competitivos em um mercado cada vez mais exigente.<\/p>\n<p>O desafio cultura, entretanto, permanece, j\u00e1 que o setor log\u00edstico, tradicionalmente, valoriza a resili\u00eancia e a resist\u00eancia emocional, o que ainda dificulta a abertura de espa\u00e7o para a vulnerabilidade e para o di\u00e1logo sobre sa\u00fade mental. A revis\u00e3o da NR-1 exige justamente o oposto, l\u00edderes preparados para escutar, acolher e intervir preventivamente. No entanto, romper esse estigma requer tempo, consist\u00eancia e investimentos estrat\u00e9gicos para prevenir crises, reduzir acidentes e manter colaboradores saud\u00e1veis, protegendo a competitividade das opera\u00e7\u00f5es.<\/p>\n<p><strong>Mudan\u00e7as e efeitos<\/strong><\/p>\n<p>As altera\u00e7\u00f5es n\u00e3o devem ser encaradas apenas como um desafio regulat\u00f3rio, mas como uma oportunidade de repensar a maneira como as empresas cuidam das suas equipes. Afinal, tratar a sa\u00fade mental como um pilar estrat\u00e9gico, e n\u00e3o apenas como cumprimento de lei, \u00e9 reconhecer que produtividade e bem-estar est\u00e3o intrinsecamente conectados. Diante disto, a revis\u00e3o da NR-1 torna-se um convite para repensar a cultura organizacional, integrar a preven\u00e7\u00e3o de riscos psicossociais \u00e0 gest\u00e3o estrat\u00e9gica e reconhecer que cuidar das pessoas \u00e9 tamb\u00e9m cuidar da opera\u00e7\u00e3o.<\/p>\n<p>A implementa\u00e7\u00e3o de programas cont\u00ednuos de suporte \u00e0 sa\u00fade mental, que tragam acolhimento e encaminhamento individualizado, e campanhas de conscientiza\u00e7\u00e3o com workshops, s\u00e3o op\u00e7\u00f5es que promovem a cultura do autocuidado e desmistificam tabus relacionados \u00e0 sa\u00fade mental. Al\u00e9m disso, com a evolu\u00e7\u00e3o digital, a coleta e a an\u00e1lise de dados, s\u00e3o considerados pontos fundamentais para monitorar o impacto das a\u00e7\u00f5es, permitindo ajustes estrat\u00e9gicos e demonstra\u00e7\u00e3o dos benef\u00edcios para a empresa e os colaboradores.<\/p>\n<p>A adequa\u00e7\u00e3o, tamb\u00e9m requer o avan\u00e7o de programas com a finalidade de contemplar riscos f\u00edsicos e psicossociais de forma integrada, refor\u00e7ando a preven\u00e7\u00e3o e a capacita\u00e7\u00e3o. Por isso, para que empresas se adaptem a revis\u00e3o da norma, \u00e9 importante visar a estrutura\u00e7\u00e3o deste modelo de programa como uma oportunidade para consolidar iniciativas voltadas especificamente ao cuidado mental, estimulando a sa\u00fade f\u00edsica, emocional e social.<\/p>\n<p><strong>Da preven\u00e7\u00e3o ao resultado concreto<\/strong><\/p>\n<p>Essas iniciativas, quando integradas, trazem impactos positivos e resultados percept\u00edveis, isto porque indicadores como absente\u00edsmo e clima organizacional, por exemplo, tendem a apresentar melhora. Quando priorizado um trabalho baseado em dados, acompanhamento cont\u00ednuo e ajustes estrat\u00e9gicos, esse ciclo n\u00e3o s\u00f3 atende \u00e0s exig\u00eancias regulat\u00f3rias, como tamb\u00e9m fortalece a cultura da empresa e a confian\u00e7a dos colaboradores.<\/p>\n<p>Para organiza\u00e7\u00f5es que ainda n\u00e3o sabem por onde come\u00e7ar, \u00e9 vi\u00e1vel entender que n\u00e3o \u00e9 preciso iniciar com grandes estruturas, desde que exista espa\u00e7os de di\u00e1logo e escuta. A cria\u00e7\u00e3o de canais acess\u00edveis \u00e9 um primeiro passo importante para valoriza\u00e7\u00e3o do bem-estar das equipes. Com consist\u00eancia, apoio especializado, treinamentos e integra\u00e7\u00e3o, essas a\u00e7\u00f5es evoluem e se consolidam como programas robustos e iniciativas estruturadas.<\/p>\n<p>Empresas que investem em programas internos de desenvolvimento, capacitando lideran\u00e7as e incorporando m\u00e9tricas de bem-estar em sua gest\u00e3o, atendem \u00e0 lei, e conquistam equipes mais engajadas e colaborativas, com resultados sustent\u00e1veis, e isso inclui tamb\u00e9m o aspecto financeiro. Afinal, cuidar da sa\u00fade mental daqueles que fazem parte do setor log\u00edstico \u00e9 investir na for\u00e7a humana que move toda a cadeia de todos as ind\u00fastrias.<\/p>\n<p>Fonte: Andr\u00e9a Sim\u00f5es, Diretora de Gente, Cultura e Transforma\u00e7\u00e3o Digital da Informa\u00e7\u00e3o na Log-In<\/p>\n","protected":false},"excerpt":{"rendered":"<p>De acordo com dados do Minist\u00e9rio da Previd\u00eancia Social (MPS), em 2024 foram registradas mais de 472 mil licen\u00e7as m\u00e9dicas concedidas para afastamentos de trabalho&#8230;<\/p>\n","protected":false},"author":1527,"featured_media":61042,"comment_status":"closed","ping_status":"closed","sticky":false,"template":"","format":"standard","meta":{"footnotes":""},"categories":[6],"tags":[],"class_list":["post-61041","post","type-post","status-publish","format-standard","has-post-thumbnail","hentry","category-noticias"],"_links":{"self":[{"href":"https:\/\/www.sincomam.org.br\/index.php\/wp-json\/wp\/v2\/posts\/61041","targetHints":{"allow":["GET"]}}],"collection":[{"href":"https:\/\/www.sincomam.org.br\/index.php\/wp-json\/wp\/v2\/posts"}],"about":[{"href":"https:\/\/www.sincomam.org.br\/index.php\/wp-json\/wp\/v2\/types\/post"}],"author":[{"embeddable":true,"href":"https:\/\/www.sincomam.org.br\/index.php\/wp-json\/wp\/v2\/users\/1527"}],"replies":[{"embeddable":true,"href":"https:\/\/www.sincomam.org.br\/index.php\/wp-json\/wp\/v2\/comments?post=61041"}],"version-history":[{"count":3,"href":"https:\/\/www.sincomam.org.br\/index.php\/wp-json\/wp\/v2\/posts\/61041\/revisions"}],"predecessor-version":[{"id":61088,"href":"https:\/\/www.sincomam.org.br\/index.php\/wp-json\/wp\/v2\/posts\/61041\/revisions\/61088"}],"wp:featuredmedia":[{"embeddable":true,"href":"https:\/\/www.sincomam.org.br\/index.php\/wp-json\/wp\/v2\/media\/61042"}],"wp:attachment":[{"href":"https:\/\/www.sincomam.org.br\/index.php\/wp-json\/wp\/v2\/media?parent=61041"}],"wp:term":[{"taxonomy":"category","embeddable":true,"href":"https:\/\/www.sincomam.org.br\/index.php\/wp-json\/wp\/v2\/categories?post=61041"},{"taxonomy":"post_tag","embeddable":true,"href":"https:\/\/www.sincomam.org.br\/index.php\/wp-json\/wp\/v2\/tags?post=61041"}],"curies":[{"name":"wp","href":"https:\/\/api.w.org\/{rel}","templated":true}]}}