{"id":61038,"date":"2025-09-03T11:33:36","date_gmt":"2025-09-03T14:33:36","guid":{"rendered":"https:\/\/www.sincomam.org.br\/?p=61038"},"modified":"2025-09-03T11:33:36","modified_gmt":"2025-09-03T14:33:36","slug":"super-terminais-recebe-autorizacao-para-novo-pier-flutuante-para-graos-em-itacoatiara","status":"publish","type":"post","link":"https:\/\/www.sincomam.org.br\/index.php\/super-terminais-recebe-autorizacao-para-novo-pier-flutuante-para-graos-em-itacoatiara\/","title":{"rendered":"Super Terminais recebe autoriza\u00e7\u00e3o para novo p\u00eder flutuante para gr\u00e3os em Itacoatiara"},"content":{"rendered":"<p>A Ag\u00eancia Nacional de Transportes Aquavi\u00e1rios (Antaq) anunciou, nesta ter\u00e7a-feira (2), que aprovou, por unanimidade, que o Super Terminais opere um p\u00eder flutuante em Itacoatiara, cidade do Amazonas a 175 quil\u00f4metros de Manaus, para transbordo de gran\u00e9is s\u00f3lidos, principalmente soja e milho. A nova unidade foi enquadrada como terminal de uso privado (TUP), porque ser\u00e1 ponto de apoio para escoamento de cargas por via mar\u00edtima e atendimento a graneleiros classe Panamax. A atividade, que ser\u00e1 apenas de transbordo sem necessidade de armazenamento, ser\u00e1 iniciada em janeiro de 2026.<\/p>\n<p>A Antaq informou que o p\u00eder ter\u00e1 240 metros de comprimento, 18 metros de largura e \u00e1rea de 4.320 metros quadrados e contar\u00e1 com tr\u00eas guindastes, cada um com capacidade de at\u00e9 2.100 toneladas por hora. A unidade ficar\u00e1 no leito do Rio Amazonas, no mesmo ponto onde foi fixado porto provis\u00f3rio para movimenta\u00e7\u00e3o emergencial de cont\u00eaineres durante o per\u00edodo de seca que atingiu a regi\u00e3o no ano passado. O investimento previsto \u00e9 de R$ 150 milh\u00f5es e h\u00e1 expectativa de cria\u00e7\u00e3o de 130 empregos diretos e 250 indiretos.<\/p>\n<p>Itacoatiara j\u00e1 abriga opera\u00e7\u00f5es portu\u00e1rias de grande porte, e a entrada em funcionamento do Porto Verde visa atender \u00e0 crescente demanda de exporta\u00e7\u00e3o de soja e milho. O acesso ao Oceano Atl\u00e2ntico pelo Rio Amazonas \u00e9 visto como positivo para a integra\u00e7\u00e3o da produ\u00e7\u00e3o agr\u00edcola nacional aos mercados internacionais, principalmente Europa e \u00c1sia.<\/p>\n<p>Fonte: Portos e Navios<\/p>\n","protected":false},"excerpt":{"rendered":"<p>A Ag\u00eancia Nacional de Transportes Aquavi\u00e1rios (Antaq) anunciou, nesta ter\u00e7a-feira (2), que aprovou, por unanimidade, que o Super Terminais opere um p\u00eder flutuante em Itacoatiara,&#8230;<\/p>\n","protected":false},"author":1527,"featured_media":61039,"comment_status":"closed","ping_status":"closed","sticky":false,"template":"","format":"standard","meta":{"footnotes":""},"categories":[6],"tags":[],"class_list":["post-61038","post","type-post","status-publish","format-standard","has-post-thumbnail","hentry","category-noticias"],"_links":{"self":[{"href":"https:\/\/www.sincomam.org.br\/index.php\/wp-json\/wp\/v2\/posts\/61038","targetHints":{"allow":["GET"]}}],"collection":[{"href":"https:\/\/www.sincomam.org.br\/index.php\/wp-json\/wp\/v2\/posts"}],"about":[{"href":"https:\/\/www.sincomam.org.br\/index.php\/wp-json\/wp\/v2\/types\/post"}],"author":[{"embeddable":true,"href":"https:\/\/www.sincomam.org.br\/index.php\/wp-json\/wp\/v2\/users\/1527"}],"replies":[{"embeddable":true,"href":"https:\/\/www.sincomam.org.br\/index.php\/wp-json\/wp\/v2\/comments?post=61038"}],"version-history":[{"count":1,"href":"https:\/\/www.sincomam.org.br\/index.php\/wp-json\/wp\/v2\/posts\/61038\/revisions"}],"predecessor-version":[{"id":61040,"href":"https:\/\/www.sincomam.org.br\/index.php\/wp-json\/wp\/v2\/posts\/61038\/revisions\/61040"}],"wp:featuredmedia":[{"embeddable":true,"href":"https:\/\/www.sincomam.org.br\/index.php\/wp-json\/wp\/v2\/media\/61039"}],"wp:attachment":[{"href":"https:\/\/www.sincomam.org.br\/index.php\/wp-json\/wp\/v2\/media?parent=61038"}],"wp:term":[{"taxonomy":"category","embeddable":true,"href":"https:\/\/www.sincomam.org.br\/index.php\/wp-json\/wp\/v2\/categories?post=61038"},{"taxonomy":"post_tag","embeddable":true,"href":"https:\/\/www.sincomam.org.br\/index.php\/wp-json\/wp\/v2\/tags?post=61038"}],"curies":[{"name":"wp","href":"https:\/\/api.w.org\/{rel}","templated":true}]}}