{"id":61035,"date":"2025-09-02T13:24:56","date_gmt":"2025-09-02T16:24:56","guid":{"rendered":"https:\/\/www.sincomam.org.br\/?p=61035"},"modified":"2025-09-02T13:24:56","modified_gmt":"2025-09-02T16:24:56","slug":"receita-antecipa-pagamentos-e-diz-que-todos-contribuintes-com-direito-ja-receberam-restituicao","status":"publish","type":"post","link":"https:\/\/www.sincomam.org.br\/index.php\/receita-antecipa-pagamentos-e-diz-que-todos-contribuintes-com-direito-ja-receberam-restituicao\/","title":{"rendered":"Receita antecipa pagamentos e diz que todos contribuintes com direito j\u00e1 receberam restitui\u00e7\u00e3o"},"content":{"rendered":"<p>A Secretaria da Receita Federal informou nesta ter\u00e7a-feira (2) que antecipou a conclus\u00e3o do pagamento das restitui\u00e7\u00f5es do Imposto de Renda Pessoa F\u00edsica (IRPF) de 2025, ano-base 2024.<\/p>\n<p>Os pagamentos estavam previstos, inicialmente, para cinco lotes, sendo o \u00faltimo deles em setembro. Mas o Fisco informou que j\u00e1 concluiu os dep\u00f3sitos neste m\u00eas de agosto, com o pagamento do 4\u00ba lote.<\/p>\n<p>De acordo com a Receita Federal, a &#8220;efici\u00eancia no processamento das declara\u00e7\u00f5es permitiu que todos os contribuintes eleg\u00edveis recebessem seus valores at\u00e9 o lote de agosto&#8221;.<\/p>\n<p>Segundo o \u00f3rg\u00e3o, at\u00e9 o momento foram pagos R$ 36,9 bilh\u00f5es em restitui\u00e7\u00f5es neste ano, apuradas em 22,67 milh\u00f5es de declara\u00e7\u00f5es de ajuste anual.<\/p>\n<p>Para confirmar se foi inclu\u00eddo ou n\u00e3o no \u00faltimo lote do IR, pago em agosto, o contribuinte pode acessar a p\u00e1gina da Receita na internet e fazer a consulta.<\/p>\n<p><strong>Veja as datas do cronograma de restitui\u00e7\u00f5es em 2025<\/strong><\/p>\n<p>1\u00ba lote: 30 de maio<br \/>\n2\u00ba lote: 30 de junho<br \/>\n3\u00ba lote: 31 de julho<br \/>\n4\u00ba lote: 29 de agosto<br \/>\n5\u00ba lote: 30 de setembro (n\u00e3o est\u00e1 mais previsto)<br \/>\nMalha fina<\/p>\n<p>Os contribuintes que indicaram ter direito \u00e0 restitui\u00e7\u00e3o e ainda n\u00e3o receberam os valores ca\u00edram na malha fina do Fisco, ou seja, tiveram a declara\u00e7\u00e3o retida para verifica\u00e7\u00f5es.<\/p>\n<p>Os contribuintes que n\u00e3o tiveram sua restitui\u00e7\u00e3o liberada devem acessar a p\u00e1gina da Receita Federal na internet e clicar em &#8220;Meu Imposto de Renda&#8221; para uma consulta completa da situa\u00e7\u00e3o da declara\u00e7\u00e3o, por meio do \u201cExtrato do Processamento\u201d.<\/p>\n<p>Fonte: G1<\/p>\n","protected":false},"excerpt":{"rendered":"<p>A Secretaria da Receita Federal informou nesta ter\u00e7a-feira (2) que antecipou a conclus\u00e3o do pagamento das restitui\u00e7\u00f5es do Imposto de Renda Pessoa F\u00edsica (IRPF) de&#8230;<\/p>\n","protected":false},"author":1527,"featured_media":61036,"comment_status":"closed","ping_status":"closed","sticky":false,"template":"","format":"standard","meta":{"footnotes":""},"categories":[6],"tags":[],"class_list":["post-61035","post","type-post","status-publish","format-standard","has-post-thumbnail","hentry","category-noticias"],"_links":{"self":[{"href":"https:\/\/www.sincomam.org.br\/index.php\/wp-json\/wp\/v2\/posts\/61035","targetHints":{"allow":["GET"]}}],"collection":[{"href":"https:\/\/www.sincomam.org.br\/index.php\/wp-json\/wp\/v2\/posts"}],"about":[{"href":"https:\/\/www.sincomam.org.br\/index.php\/wp-json\/wp\/v2\/types\/post"}],"author":[{"embeddable":true,"href":"https:\/\/www.sincomam.org.br\/index.php\/wp-json\/wp\/v2\/users\/1527"}],"replies":[{"embeddable":true,"href":"https:\/\/www.sincomam.org.br\/index.php\/wp-json\/wp\/v2\/comments?post=61035"}],"version-history":[{"count":1,"href":"https:\/\/www.sincomam.org.br\/index.php\/wp-json\/wp\/v2\/posts\/61035\/revisions"}],"predecessor-version":[{"id":61037,"href":"https:\/\/www.sincomam.org.br\/index.php\/wp-json\/wp\/v2\/posts\/61035\/revisions\/61037"}],"wp:featuredmedia":[{"embeddable":true,"href":"https:\/\/www.sincomam.org.br\/index.php\/wp-json\/wp\/v2\/media\/61036"}],"wp:attachment":[{"href":"https:\/\/www.sincomam.org.br\/index.php\/wp-json\/wp\/v2\/media?parent=61035"}],"wp:term":[{"taxonomy":"category","embeddable":true,"href":"https:\/\/www.sincomam.org.br\/index.php\/wp-json\/wp\/v2\/categories?post=61035"},{"taxonomy":"post_tag","embeddable":true,"href":"https:\/\/www.sincomam.org.br\/index.php\/wp-json\/wp\/v2\/tags?post=61035"}],"curies":[{"name":"wp","href":"https:\/\/api.w.org\/{rel}","templated":true}]}}