{"id":61023,"date":"2025-09-02T12:46:32","date_gmt":"2025-09-02T15:46:32","guid":{"rendered":"https:\/\/www.sincomam.org.br\/?p=61023"},"modified":"2025-09-02T12:47:46","modified_gmt":"2025-09-02T15:47:46","slug":"dragagem-do-canal-interno-de-suape-e-autorizada","status":"publish","type":"post","link":"https:\/\/www.sincomam.org.br\/index.php\/dragagem-do-canal-interno-de-suape-e-autorizada\/","title":{"rendered":"Dragagem do canal interno de Suape \u00e9 autorizada"},"content":{"rendered":"<p>O ministro de Portos e Aeroportos, Silvio Costa Filho, assinou nesta sexta-feira (29) em Ipojuca, em Pernambuco, a ordem de servi\u00e7o para in\u00edcio da dragagem do canal interno do Complexo Portu\u00e1rio e Industrial de Suape, com t\u00e9rmino previsto para fevereiro do pr\u00f3ximo ano. A obra, que foi inclu\u00edda no Novo Programa de Acelera\u00e7\u00e3o do Crescimento (Novo PAC), representar\u00e1 investimentos de R$ 217 milh\u00f5es, sendo R$ 117 milh\u00f5es do governo do estado e R$ 100 milh\u00f5es do MPor, e permitir\u00e1 ampliar para 16,2 metros o calado local, abrindo a possibilidade de receber navios de grande porte.<\/p>\n<p>Costa Filho afirmou que a dragagem faz parte de um conjunto de iniciativas em andamento em Pernambuco. Ele citou a recupera\u00e7\u00e3o do molhe de Suape e a constru\u00e7\u00e3o de um terminal de cont\u00eaineres no complexo portu\u00e1rio, que ser\u00e1 a liga\u00e7\u00e3o direta entre a dragagem e a implanta\u00e7\u00e3o do novo terminal de cont\u00eaineres da APM Terminals (Maersk), cujo investimento ser\u00e1 de aproximadamente R$ 1,7 bilh\u00e3o.<\/p>\n<p>A governadora Raquel Lyra ressaltou a import\u00e2ncia para o estado da parceria com o governo federal e os investimentos que est\u00e3o sendo feitos. Ela disse que em sua primeira reuni\u00e3o com o presidente Luiz In\u00e1cio Lula da Silva, em 2023, sinalizou que Pernambuco receberia aten\u00e7\u00e3o especial. \u201cHoje, celebramos esse compromisso, que se traduz em obras esperadas h\u00e1 muito tempo\u201d, afirmou.<\/p>\n<p>J\u00e1 o presidente do Porto de Suape, Armando Monteiro Bisneto, avaliou que a dragagem e outros investimentos que est\u00e3o sendo feitos no terminal em parceria com a Uni\u00e3o, como a recupera\u00e7\u00e3o do molhe, permitiram atrair novos neg\u00f3cios. Ele citou a amplia\u00e7\u00e3o da refinaria local, a chegada de grandes ind\u00fastrias e o novo terminal da APM Terminals.<\/p>\n<p>Na avalia\u00e7\u00e3o do ministro, esse empreendimento, o maior investimento privado da hist\u00f3ria do porto, vai ampliar em mais de 30% as opera\u00e7\u00f5es de Suape e gerar milhares de empregos e renda. Costa Filho ressaltou ainda que a possibilidade de receber embarca\u00e7\u00f5es de maior porte reduzir\u00e1 o n\u00famero de viagens, o que implicar\u00e1 em menos emiss\u00f5es de gases poluentes.<\/p>\n<p>O minist\u00e9rio informou que, al\u00e9m dos em Suape, o governo federal far\u00e1 outros investimentos em Pernambuco. Entre eles, est\u00e3o a recupera\u00e7\u00e3o do molhe de abrigo do complexo e a dragagem de readequa\u00e7\u00e3o do Porto do Recife, com cerca de R$ 100 milh\u00f5es em recursos, e a Transnordestina, cujo trecho no estado deve receber cerca de R$ 5 bilh\u00f5es.<\/p>\n<p>Fonte: Revista Portos e Navios<\/p>\n","protected":false},"excerpt":{"rendered":"<p>O ministro de Portos e Aeroportos, Silvio Costa Filho, assinou nesta sexta-feira (29) em Ipojuca, em Pernambuco, a ordem de servi\u00e7o para in\u00edcio da dragagem&#8230;<\/p>\n","protected":false},"author":1527,"featured_media":61025,"comment_status":"closed","ping_status":"closed","sticky":false,"template":"","format":"standard","meta":{"footnotes":""},"categories":[6],"tags":[],"class_list":["post-61023","post","type-post","status-publish","format-standard","has-post-thumbnail","hentry","category-noticias"],"_links":{"self":[{"href":"https:\/\/www.sincomam.org.br\/index.php\/wp-json\/wp\/v2\/posts\/61023","targetHints":{"allow":["GET"]}}],"collection":[{"href":"https:\/\/www.sincomam.org.br\/index.php\/wp-json\/wp\/v2\/posts"}],"about":[{"href":"https:\/\/www.sincomam.org.br\/index.php\/wp-json\/wp\/v2\/types\/post"}],"author":[{"embeddable":true,"href":"https:\/\/www.sincomam.org.br\/index.php\/wp-json\/wp\/v2\/users\/1527"}],"replies":[{"embeddable":true,"href":"https:\/\/www.sincomam.org.br\/index.php\/wp-json\/wp\/v2\/comments?post=61023"}],"version-history":[{"count":1,"href":"https:\/\/www.sincomam.org.br\/index.php\/wp-json\/wp\/v2\/posts\/61023\/revisions"}],"predecessor-version":[{"id":61024,"href":"https:\/\/www.sincomam.org.br\/index.php\/wp-json\/wp\/v2\/posts\/61023\/revisions\/61024"}],"wp:featuredmedia":[{"embeddable":true,"href":"https:\/\/www.sincomam.org.br\/index.php\/wp-json\/wp\/v2\/media\/61025"}],"wp:attachment":[{"href":"https:\/\/www.sincomam.org.br\/index.php\/wp-json\/wp\/v2\/media?parent=61023"}],"wp:term":[{"taxonomy":"category","embeddable":true,"href":"https:\/\/www.sincomam.org.br\/index.php\/wp-json\/wp\/v2\/categories?post=61023"},{"taxonomy":"post_tag","embeddable":true,"href":"https:\/\/www.sincomam.org.br\/index.php\/wp-json\/wp\/v2\/tags?post=61023"}],"curies":[{"name":"wp","href":"https:\/\/api.w.org\/{rel}","templated":true}]}}